{"id":514,"date":"2025-12-22T05:27:00","date_gmt":"2025-12-22T04:27:00","guid":{"rendered":"https:\/\/eldiariodelaeducacion.com\/quererla-es-crearla\/?p=514"},"modified":"2025-12-05T13:47:14","modified_gmt":"2025-12-05T12:47:14","slug":"algo-nuevo-nace","status":"publish","type":"post","link":"https:\/\/eldiariodelaeducacion.com\/quererla-es-crearla\/2025\/12\/22\/algo-nuevo-nace\/","title":{"rendered":"Algo nuevo nace"},"content":{"rendered":"\n<p>Hace unos d\u00edas compartimos una ma\u00f1ana de reflexi\u00f3n con las familias de la asociaci\u00f3n \u201cNeurodiversos Castilla La Mancha\u201d, una nueva oportunidad para pensar d\u00f3nde estamos y d\u00f3nde queremos estar en relaci\u00f3n al derecho a una educaci\u00f3n inclusiva.<\/p>\n\n\n\n<p>Marta arranc\u00f3 compartiendo la realidad de su centro, ASPRONA en Almansa, <a href=\"https:\/\/eldiariodelaeducacion.com\/quererla-es-crearla\/2025\/04\/11\/no-es-el-sueno-de-una-noche-de-verano\/\">una escuela de educaci\u00f3n especial que sabe bien que la inclusi\u00f3n no es proyecto paralelo ni un aula al margen<\/a>. Lo expuso con claridad: los centros de educaci\u00f3n especial son segregadores y no son la respuesta a esta apuesta por la inclusi\u00f3n que defendemos. La inclusi\u00f3n significa estar, aprender y participar juntos y juntas, en el contexto com\u00fan, en el aula ordinaria, con los apoyos all\u00ed donde se requieran, y no al margen como opci\u00f3n para algunos o algunas.<\/p>\n\n\n\n<p>Despu\u00e9s se proyect\u00f3 el <a href=\"https:\/\/creemoseducacioninclusiva.com\/documental-quererla-es-crearla\/\">documental \u201cQuererla es Crearla\u201d<\/a>, de Cecilia Barriga, y Marisensi condujo un c\u00edrculo de reflexi\u00f3n. En \u00e9l compartimos, escuchamos, nos emocionamos. Fueron muchas las miradas que cambiaron. Y afloraron nuevas preguntas: \u201cDespu\u00e9s de escucharos: yo que estoy pidiendo recursos para el cole, ahora me doy cuenta que tengo que exigir derechos\u201d. \u201cYo, que estaba reclamando un aula espec\u00edfica, ahora entiendo que eso no es lo que quiero para mi hija\u201d. Frases de familias que comenzaban a mirar con otros ojos, o\u00eddos que escuchaban por primera vez t\u00e9rminos como \u201ccapacitismo\u201d o \u201cadultocentrismo\u201d desde los que se concibe la escuela actual, o conceptos como \u201cmodelo social de la discapacidad\u201d, que nos muestra el camino del nuevo paradigma que nos ayuda a concebir una realidad en la escuela m\u00e1s justa y equitativa.<\/p>\n\n\n\n<p>Quiz\u00e1 nos dimos cuenta de que hay familias que acaban de aterrizar en este mundo de la maternidad o de la paternidad y se encuentran con la necesidad del apoyo mutuo, de acompa\u00f1arse, de salir de la soledad, del miedo, de la frustraci\u00f3n. Que han iniciado asociaciones, redes, recursos&#8230; orientados por profesionales con una mirada concreta que intenta construir un espacio para los ni\u00f1os y ni\u00f1as y sus familias que la comunidad les est\u00e1 negando. Dan sus primeros pasos intentando conquistar ese espacio \u201cespecial\u201d. A lo largo de la ma\u00f1ana fuimos tomando conciencia de que crear lugares s\u00f3lo para ni\u00f1os nombrados por la discapacidad es, parad\u00f3jicamente, alimentar el problema de la exclusi\u00f3n. Y ah\u00ed est\u00e1 el reto: \u00bfc\u00f3mo acompa\u00f1amos ese tr\u00e1nsito? Familias que hoy gritan por recursos y apoyos individuales, guiadas por discursos anclados en un paradigma del d\u00e9ficit y de la terapia, ma\u00f1ana deber\u00edan poder gritar para que cambie el entorno de la escuela, dejando de pedir \u201cpara m\u00ed\u201d y empezando a incidir en \u201cpara todos y para todas\u201d.<\/p>\n\n\n\n<p>Se trata, en definitiva, de salir del paradigma que reduce la discapacidad a un problema personal, de cada ni\u00f1o y ni\u00f1a, de cada padre o madre, para transitar a un modelo del mundo que nos permita ver que el reto de respetar la diversidad y construir espacios para todos y todas, implica revisar desde d\u00f3nde estamos pensando las cosas, desde d\u00f3nde construimos esos recursos que reivindicamos. No, el problema no est\u00e1 en la persona, como bien nos muestra el modelo social. Por lo tanto, el foco debe estar en el contexto, en el espacio, en su dise\u00f1o, en las relaciones que se dan en ese lugar, si son equitativas o desiguales, si permiten la participaci\u00f3n real y si fomentan la pertenencia; si, en definitiva, todas las personas que forman parte de ese contexto tienen agencia para construirlo. Y todo esto cobra m\u00e1xima importancia cuando hablamos de la escuela, por ser el espacio de transformaci\u00f3n social m\u00e1s importante.<\/p>\n\n\n\n<p>Fue emocionante comprobar c\u00f3mo, en ese gran c\u00edrculo, se tej\u00eda una comunidad. Reconocimos que las familias, pueden estar en distintos momentos del proceso, pero todas est\u00e1n en marcha. Algunas con plena conciencia del derecho a la inclusi\u00f3n, otras apenas empezando a cuestionar lo que les han hecho creer. Desde la escucha y el di\u00e1logo podemos generar los cambios reales que esta escuela y esta sociedad nos demanda para que todos y todas podamos convivir.<\/p>\n\n\n\n<p>Al terminar, sentimos que conectamos profundamente con las familias de <em>Neurodiversos Castilla La Mancha<\/em>. Que algo nuevo hab\u00eda nacido en cada persona, como lo describi\u00f3 Almudena Serrano, responsable de redes de la asociaci\u00f3n: \u201cEl cambio cultural, social, de paradigma, ese del que hablan las ponentes, est\u00e1 quiz\u00e1 un poco m\u00e1s cerca, nos tocaron el alma y nos pellizcaron el coraz\u00f3n\u201d.<\/p>\n\n\n\n<p>Gracias, familias, profes y orientadoras, por haber estado. Y gracias a la asociaci\u00f3n por convocarnos, por creer, por ofrecer el tiempo y el espacio para que se levante este impulso. El camino es largo, pero lo estamos andando. Y lo estamos haciendo juntas.<\/p>\n","protected":false},"excerpt":{"rendered":"<p>Hace unos d\u00edas compartimos una ma\u00f1ana de reflexi\u00f3n con las familias de la asociaci\u00f3n \u201cNeurodiversos Castilla La Mancha\u201d, una nueva oportunidad para pensar d\u00f3nde estamos y d\u00f3nde queremos estar en relaci\u00f3n al derecho a una educaci\u00f3n inclusiva. Marta arranc\u00f3 compartiendo la realidad de su centro, ASPRONA en Almansa, una escuela de educaci\u00f3n especial que sabe<\/p>\n","protected":false},"author":1455,"featured_media":515,"comment_status":"open","ping_status":"open","sticky":false,"template":"","format":"standard","meta":{"footnotes":""},"categories":[16],"tags":[],"tipo":[20],"class_list":{"0":"post-514","1":"post","2":"type-post","3":"status-publish","4":"format-standard","5":"has-post-thumbnail","7":"category-quererla-es-crearla","8":"tipo-analisis"},"yoast_head":"<!-- This site is optimized with the Yoast SEO plugin v27.5 - https:\/\/yoast.com\/product\/yoast-seo-wordpress\/ -->\n<title>Algo nuevo nace - Quererla es crearla<\/title>\n<meta name=\"robots\" content=\"index, follow, max-snippet:-1, max-image-preview:large, max-video-preview:-1\" \/>\n<link rel=\"canonical\" href=\"https:\/\/eldiariodelaeducacion.com\/quererla-es-crearla\/2025\/12\/22\/algo-nuevo-nace\/\" \/>\n<meta property=\"og:locale\" content=\"es_ES\" \/>\n<meta property=\"og:type\" content=\"article\" \/>\n<meta property=\"og:title\" content=\"Algo nuevo nace - Quererla es crearla\" \/>\n<meta property=\"og:description\" content=\"Hace unos d\u00edas compartimos una ma\u00f1ana de reflexi\u00f3n con las familias de la asociaci\u00f3n \u201cNeurodiversos Castilla La Mancha\u201d, una nueva oportunidad para pensar d\u00f3nde estamos y d\u00f3nde queremos estar en relaci\u00f3n al derecho a una educaci\u00f3n inclusiva. Marta arranc\u00f3 compartiendo la realidad de su centro, ASPRONA en Almansa, una escuela de educaci\u00f3n especial que sabe\" \/>\n<meta property=\"og:url\" content=\"https:\/\/eldiariodelaeducacion.com\/quererla-es-crearla\/2025\/12\/22\/algo-nuevo-nace\/\" \/>\n<meta property=\"og:site_name\" content=\"Quererla es crearla\" \/>\n<meta property=\"article:published_time\" content=\"2025-12-22T04:27:00+00:00\" \/>\n<meta property=\"og:image\" content=\"https:\/\/eldiariodelaeducacion.com\/quererla-es-crearla\/wp-content\/uploads\/sites\/24\/2025\/12\/WhatsApp-Image-2024-04-17-at-17.36.21-1-copia-2.jpeg\" \/>\n\t<meta property=\"og:image:width\" content=\"1992\" \/>\n\t<meta property=\"og:image:height\" content=\"756\" \/>\n\t<meta property=\"og:image:type\" content=\"image\/jpeg\" \/>\n<meta name=\"author\" content=\"Marisensi Mu\u00f1oz y Marta S\u00e1nchez\" \/>\n<meta name=\"twitter:card\" content=\"summary_large_image\" \/>\n<meta name=\"twitter:label1\" content=\"Escrito por\" \/>\n\t<meta name=\"twitter:data1\" content=\"Marisensi Mu\u00f1oz y Marta S\u00e1nchez\" \/>\n\t<meta name=\"twitter:label2\" content=\"Tiempo de lectura\" \/>\n\t<meta name=\"twitter:data2\" content=\"4 minutos\" \/>\n<script type=\"application\/ld+json\" class=\"yoast-schema-graph\">{\"@context\":\"https:\\\/\\\/schema.org\",\"@graph\":[{\"@type\":\"Article\",\"@id\":\"https:\\\/\\\/eldiariodelaeducacion.com\\\/quererla-es-crearla\\\/2025\\\/12\\\/22\\\/algo-nuevo-nace\\\/#article\",\"isPartOf\":{\"@id\":\"https:\\\/\\\/eldiariodelaeducacion.com\\\/quererla-es-crearla\\\/2025\\\/12\\\/22\\\/algo-nuevo-nace\\\/\"},\"author\":{\"name\":\"Marisensi Mu\u00f1oz y Marta S\u00e1nchez\",\"@id\":\"https:\\\/\\\/eldiariodelaeducacion.com\\\/quererla-es-crearla\\\/#\\\/schema\\\/person\\\/8078cf55fd056050ce0009c52637cf05\"},\"headline\":\"Algo nuevo nace\",\"datePublished\":\"2025-12-22T04:27:00+00:00\",\"mainEntityOfPage\":{\"@id\":\"https:\\\/\\\/eldiariodelaeducacion.com\\\/quererla-es-crearla\\\/2025\\\/12\\\/22\\\/algo-nuevo-nace\\\/\"},\"wordCount\":824,\"commentCount\":0,\"image\":{\"@id\":\"https:\\\/\\\/eldiariodelaeducacion.com\\\/quererla-es-crearla\\\/2025\\\/12\\\/22\\\/algo-nuevo-nace\\\/#primaryimage\"},\"thumbnailUrl\":\"https:\\\/\\\/eldiariodelaeducacion.com\\\/quererla-es-crearla\\\/wp-content\\\/uploads\\\/sites\\\/24\\\/2025\\\/12\\\/WhatsApp-Image-2024-04-17-at-17.36.21-1-copia-2.jpeg\",\"articleSection\":[\"Quererla es crearla\"],\"inLanguage\":\"es\",\"potentialAction\":[{\"@type\":\"CommentAction\",\"name\":\"Comment\",\"target\":[\"https:\\\/\\\/eldiariodelaeducacion.com\\\/quererla-es-crearla\\\/2025\\\/12\\\/22\\\/algo-nuevo-nace\\\/#respond\"]}]},{\"@type\":\"WebPage\",\"@id\":\"https:\\\/\\\/eldiariodelaeducacion.com\\\/quererla-es-crearla\\\/2025\\\/12\\\/22\\\/algo-nuevo-nace\\\/\",\"url\":\"https:\\\/\\\/eldiariodelaeducacion.com\\\/quererla-es-crearla\\\/2025\\\/12\\\/22\\\/algo-nuevo-nace\\\/\",\"name\":\"Algo nuevo nace - Quererla es crearla\",\"isPartOf\":{\"@id\":\"https:\\\/\\\/eldiariodelaeducacion.com\\\/quererla-es-crearla\\\/#website\"},\"primaryImageOfPage\":{\"@id\":\"https:\\\/\\\/eldiariodelaeducacion.com\\\/quererla-es-crearla\\\/2025\\\/12\\\/22\\\/algo-nuevo-nace\\\/#primaryimage\"},\"image\":{\"@id\":\"https:\\\/\\\/eldiariodelaeducacion.com\\\/quererla-es-crearla\\\/2025\\\/12\\\/22\\\/algo-nuevo-nace\\\/#primaryimage\"},\"thumbnailUrl\":\"https:\\\/\\\/eldiariodelaeducacion.com\\\/quererla-es-crearla\\\/wp-content\\\/uploads\\\/sites\\\/24\\\/2025\\\/12\\\/WhatsApp-Image-2024-04-17-at-17.36.21-1-copia-2.jpeg\",\"datePublished\":\"2025-12-22T04:27:00+00:00\",\"author\":{\"@id\":\"https:\\\/\\\/eldiariodelaeducacion.com\\\/quererla-es-crearla\\\/#\\\/schema\\\/person\\\/8078cf55fd056050ce0009c52637cf05\"},\"breadcrumb\":{\"@id\":\"https:\\\/\\\/eldiariodelaeducacion.com\\\/quererla-es-crearla\\\/2025\\\/12\\\/22\\\/algo-nuevo-nace\\\/#breadcrumb\"},\"inLanguage\":\"es\",\"potentialAction\":[{\"@type\":\"ReadAction\",\"target\":[\"https:\\\/\\\/eldiariodelaeducacion.com\\\/quererla-es-crearla\\\/2025\\\/12\\\/22\\\/algo-nuevo-nace\\\/\"]}]},{\"@type\":\"ImageObject\",\"inLanguage\":\"es\",\"@id\":\"https:\\\/\\\/eldiariodelaeducacion.com\\\/quererla-es-crearla\\\/2025\\\/12\\\/22\\\/algo-nuevo-nace\\\/#primaryimage\",\"url\":\"https:\\\/\\\/eldiariodelaeducacion.com\\\/quererla-es-crearla\\\/wp-content\\\/uploads\\\/sites\\\/24\\\/2025\\\/12\\\/WhatsApp-Image-2024-04-17-at-17.36.21-1-copia-2.jpeg\",\"contentUrl\":\"https:\\\/\\\/eldiariodelaeducacion.com\\\/quererla-es-crearla\\\/wp-content\\\/uploads\\\/sites\\\/24\\\/2025\\\/12\\\/WhatsApp-Image-2024-04-17-at-17.36.21-1-copia-2.jpeg\",\"width\":1992,\"height\":756,\"caption\":\"Ilustraci\u00f3n: Ra\u00fal Aguirre\"},{\"@type\":\"BreadcrumbList\",\"@id\":\"https:\\\/\\\/eldiariodelaeducacion.com\\\/quererla-es-crearla\\\/2025\\\/12\\\/22\\\/algo-nuevo-nace\\\/#breadcrumb\",\"itemListElement\":[{\"@type\":\"ListItem\",\"position\":1,\"name\":\"Portada\",\"item\":\"https:\\\/\\\/eldiariodelaeducacion.com\\\/quererla-es-crearla\\\/\"},{\"@type\":\"ListItem\",\"position\":2,\"name\":\"Algo nuevo nace\"}]},{\"@type\":\"WebSite\",\"@id\":\"https:\\\/\\\/eldiariodelaeducacion.com\\\/quererla-es-crearla\\\/#website\",\"url\":\"https:\\\/\\\/eldiariodelaeducacion.com\\\/quererla-es-crearla\\\/\",\"name\":\"Quererla es crearla\",\"description\":\"Un blog de El Diario de la Educaci\u00f3n\",\"potentialAction\":[{\"@type\":\"SearchAction\",\"target\":{\"@type\":\"EntryPoint\",\"urlTemplate\":\"https:\\\/\\\/eldiariodelaeducacion.com\\\/quererla-es-crearla\\\/?s={search_term_string}\"},\"query-input\":{\"@type\":\"PropertyValueSpecification\",\"valueRequired\":true,\"valueName\":\"search_term_string\"}}],\"inLanguage\":\"es\"},{\"@type\":\"Person\",\"@id\":\"https:\\\/\\\/eldiariodelaeducacion.com\\\/quererla-es-crearla\\\/#\\\/schema\\\/person\\\/8078cf55fd056050ce0009c52637cf05\",\"name\":\"Marisensi Mu\u00f1oz y Marta S\u00e1nchez\",\"image\":{\"@type\":\"ImageObject\",\"inLanguage\":\"es\",\"@id\":\"https:\\\/\\\/eldiariodelaeducacion.com\\\/quererla-es-crearla\\\/wp-content\\\/uploads\\\/sites\\\/24\\\/2025\\\/12\\\/marisensimarta_avatar-96x96.jpg\",\"url\":\"https:\\\/\\\/eldiariodelaeducacion.com\\\/quererla-es-crearla\\\/wp-content\\\/uploads\\\/sites\\\/24\\\/2025\\\/12\\\/marisensimarta_avatar-96x96.jpg\",\"contentUrl\":\"https:\\\/\\\/eldiariodelaeducacion.com\\\/quererla-es-crearla\\\/wp-content\\\/uploads\\\/sites\\\/24\\\/2025\\\/12\\\/marisensimarta_avatar-96x96.jpg\",\"caption\":\"Marisensi Mu\u00f1oz y Marta S\u00e1nchez\"},\"description\":\"Marisensi es orientadora en Castilla-La Mancha y miembro de \u201cAlterevaluaci\u00f3n\u201d y \\\"Quererla es Crearla\\\" y Marta es directora del Centro de Educaci\u00f3n Especial ASPRONA en Almansa, y miembro de \u201cAlterevaluaci\u00f3n\u201d y \\\"Quererla es Crearla\\\".\",\"url\":\"https:\\\/\\\/eldiariodelaeducacion.com\\\/quererla-es-crearla\\\/author\\\/marisensimarta\\\/\"}]}<\/script>\n<!-- \/ Yoast SEO plugin. -->","yoast_head_json":{"title":"Algo nuevo nace - Quererla es crearla","robots":{"index":"index","follow":"follow","max-snippet":"max-snippet:-1","max-image-preview":"max-image-preview:large","max-video-preview":"max-video-preview:-1"},"canonical":"https:\/\/eldiariodelaeducacion.com\/quererla-es-crearla\/2025\/12\/22\/algo-nuevo-nace\/","og_locale":"es_ES","og_type":"article","og_title":"Algo nuevo nace - Quererla es crearla","og_description":"Hace unos d\u00edas compartimos una ma\u00f1ana de reflexi\u00f3n con las familias de la asociaci\u00f3n \u201cNeurodiversos Castilla La Mancha\u201d, una nueva oportunidad para pensar d\u00f3nde estamos y d\u00f3nde queremos estar en relaci\u00f3n al derecho a una educaci\u00f3n inclusiva. Marta arranc\u00f3 compartiendo la realidad de su centro, ASPRONA en Almansa, una escuela de educaci\u00f3n especial que sabe","og_url":"https:\/\/eldiariodelaeducacion.com\/quererla-es-crearla\/2025\/12\/22\/algo-nuevo-nace\/","og_site_name":"Quererla es crearla","article_published_time":"2025-12-22T04:27:00+00:00","og_image":[{"width":1992,"height":756,"url":"https:\/\/eldiariodelaeducacion.com\/quererla-es-crearla\/wp-content\/uploads\/sites\/24\/2025\/12\/WhatsApp-Image-2024-04-17-at-17.36.21-1-copia-2.jpeg","type":"image\/jpeg"}],"author":"Marisensi Mu\u00f1oz y Marta S\u00e1nchez","twitter_card":"summary_large_image","twitter_misc":{"Escrito por":"Marisensi Mu\u00f1oz y Marta S\u00e1nchez","Tiempo de lectura":"4 minutos"},"schema":{"@context":"https:\/\/schema.org","@graph":[{"@type":"Article","@id":"https:\/\/eldiariodelaeducacion.com\/quererla-es-crearla\/2025\/12\/22\/algo-nuevo-nace\/#article","isPartOf":{"@id":"https:\/\/eldiariodelaeducacion.com\/quererla-es-crearla\/2025\/12\/22\/algo-nuevo-nace\/"},"author":{"name":"Marisensi Mu\u00f1oz y Marta S\u00e1nchez","@id":"https:\/\/eldiariodelaeducacion.com\/quererla-es-crearla\/#\/schema\/person\/8078cf55fd056050ce0009c52637cf05"},"headline":"Algo nuevo nace","datePublished":"2025-12-22T04:27:00+00:00","mainEntityOfPage":{"@id":"https:\/\/eldiariodelaeducacion.com\/quererla-es-crearla\/2025\/12\/22\/algo-nuevo-nace\/"},"wordCount":824,"commentCount":0,"image":{"@id":"https:\/\/eldiariodelaeducacion.com\/quererla-es-crearla\/2025\/12\/22\/algo-nuevo-nace\/#primaryimage"},"thumbnailUrl":"https:\/\/eldiariodelaeducacion.com\/quererla-es-crearla\/wp-content\/uploads\/sites\/24\/2025\/12\/WhatsApp-Image-2024-04-17-at-17.36.21-1-copia-2.jpeg","articleSection":["Quererla es crearla"],"inLanguage":"es","potentialAction":[{"@type":"CommentAction","name":"Comment","target":["https:\/\/eldiariodelaeducacion.com\/quererla-es-crearla\/2025\/12\/22\/algo-nuevo-nace\/#respond"]}]},{"@type":"WebPage","@id":"https:\/\/eldiariodelaeducacion.com\/quererla-es-crearla\/2025\/12\/22\/algo-nuevo-nace\/","url":"https:\/\/eldiariodelaeducacion.com\/quererla-es-crearla\/2025\/12\/22\/algo-nuevo-nace\/","name":"Algo nuevo nace - Quererla es crearla","isPartOf":{"@id":"https:\/\/eldiariodelaeducacion.com\/quererla-es-crearla\/#website"},"primaryImageOfPage":{"@id":"https:\/\/eldiariodelaeducacion.com\/quererla-es-crearla\/2025\/12\/22\/algo-nuevo-nace\/#primaryimage"},"image":{"@id":"https:\/\/eldiariodelaeducacion.com\/quererla-es-crearla\/2025\/12\/22\/algo-nuevo-nace\/#primaryimage"},"thumbnailUrl":"https:\/\/eldiariodelaeducacion.com\/quererla-es-crearla\/wp-content\/uploads\/sites\/24\/2025\/12\/WhatsApp-Image-2024-04-17-at-17.36.21-1-copia-2.jpeg","datePublished":"2025-12-22T04:27:00+00:00","author":{"@id":"https:\/\/eldiariodelaeducacion.com\/quererla-es-crearla\/#\/schema\/person\/8078cf55fd056050ce0009c52637cf05"},"breadcrumb":{"@id":"https:\/\/eldiariodelaeducacion.com\/quererla-es-crearla\/2025\/12\/22\/algo-nuevo-nace\/#breadcrumb"},"inLanguage":"es","potentialAction":[{"@type":"ReadAction","target":["https:\/\/eldiariodelaeducacion.com\/quererla-es-crearla\/2025\/12\/22\/algo-nuevo-nace\/"]}]},{"@type":"ImageObject","inLanguage":"es","@id":"https:\/\/eldiariodelaeducacion.com\/quererla-es-crearla\/2025\/12\/22\/algo-nuevo-nace\/#primaryimage","url":"https:\/\/eldiariodelaeducacion.com\/quererla-es-crearla\/wp-content\/uploads\/sites\/24\/2025\/12\/WhatsApp-Image-2024-04-17-at-17.36.21-1-copia-2.jpeg","contentUrl":"https:\/\/eldiariodelaeducacion.com\/quererla-es-crearla\/wp-content\/uploads\/sites\/24\/2025\/12\/WhatsApp-Image-2024-04-17-at-17.36.21-1-copia-2.jpeg","width":1992,"height":756,"caption":"Ilustraci\u00f3n: Ra\u00fal Aguirre"},{"@type":"BreadcrumbList","@id":"https:\/\/eldiariodelaeducacion.com\/quererla-es-crearla\/2025\/12\/22\/algo-nuevo-nace\/#breadcrumb","itemListElement":[{"@type":"ListItem","position":1,"name":"Portada","item":"https:\/\/eldiariodelaeducacion.com\/quererla-es-crearla\/"},{"@type":"ListItem","position":2,"name":"Algo nuevo nace"}]},{"@type":"WebSite","@id":"https:\/\/eldiariodelaeducacion.com\/quererla-es-crearla\/#website","url":"https:\/\/eldiariodelaeducacion.com\/quererla-es-crearla\/","name":"Quererla es crearla","description":"Un blog de El Diario de la Educaci\u00f3n","potentialAction":[{"@type":"SearchAction","target":{"@type":"EntryPoint","urlTemplate":"https:\/\/eldiariodelaeducacion.com\/quererla-es-crearla\/?s={search_term_string}"},"query-input":{"@type":"PropertyValueSpecification","valueRequired":true,"valueName":"search_term_string"}}],"inLanguage":"es"},{"@type":"Person","@id":"https:\/\/eldiariodelaeducacion.com\/quererla-es-crearla\/#\/schema\/person\/8078cf55fd056050ce0009c52637cf05","name":"Marisensi Mu\u00f1oz y Marta S\u00e1nchez","image":{"@type":"ImageObject","inLanguage":"es","@id":"https:\/\/eldiariodelaeducacion.com\/quererla-es-crearla\/wp-content\/uploads\/sites\/24\/2025\/12\/marisensimarta_avatar-96x96.jpg","url":"https:\/\/eldiariodelaeducacion.com\/quererla-es-crearla\/wp-content\/uploads\/sites\/24\/2025\/12\/marisensimarta_avatar-96x96.jpg","contentUrl":"https:\/\/eldiariodelaeducacion.com\/quererla-es-crearla\/wp-content\/uploads\/sites\/24\/2025\/12\/marisensimarta_avatar-96x96.jpg","caption":"Marisensi Mu\u00f1oz y Marta S\u00e1nchez"},"description":"Marisensi es orientadora en Castilla-La Mancha y miembro de \u201cAlterevaluaci\u00f3n\u201d y \"Quererla es Crearla\" y Marta es directora del Centro de Educaci\u00f3n Especial ASPRONA en Almansa, y miembro de \u201cAlterevaluaci\u00f3n\u201d y \"Quererla es Crearla\".","url":"https:\/\/eldiariodelaeducacion.com\/quererla-es-crearla\/author\/marisensimarta\/"}]}},"_links":{"self":[{"href":"https:\/\/eldiariodelaeducacion.com\/quererla-es-crearla\/wp-json\/wp\/v2\/posts\/514","targetHints":{"allow":["GET"]}}],"collection":[{"href":"https:\/\/eldiariodelaeducacion.com\/quererla-es-crearla\/wp-json\/wp\/v2\/posts"}],"about":[{"href":"https:\/\/eldiariodelaeducacion.com\/quererla-es-crearla\/wp-json\/wp\/v2\/types\/post"}],"author":[{"embeddable":true,"href":"https:\/\/eldiariodelaeducacion.com\/quererla-es-crearla\/wp-json\/wp\/v2\/users\/1455"}],"replies":[{"embeddable":true,"href":"https:\/\/eldiariodelaeducacion.com\/quererla-es-crearla\/wp-json\/wp\/v2\/comments?post=514"}],"version-history":[{"count":2,"href":"https:\/\/eldiariodelaeducacion.com\/quererla-es-crearla\/wp-json\/wp\/v2\/posts\/514\/revisions"}],"predecessor-version":[{"id":518,"href":"https:\/\/eldiariodelaeducacion.com\/quererla-es-crearla\/wp-json\/wp\/v2\/posts\/514\/revisions\/518"}],"wp:featuredmedia":[{"embeddable":true,"href":"https:\/\/eldiariodelaeducacion.com\/quererla-es-crearla\/wp-json\/wp\/v2\/media\/515"}],"wp:attachment":[{"href":"https:\/\/eldiariodelaeducacion.com\/quererla-es-crearla\/wp-json\/wp\/v2\/media?parent=514"}],"wp:term":[{"taxonomy":"category","embeddable":true,"href":"https:\/\/eldiariodelaeducacion.com\/quererla-es-crearla\/wp-json\/wp\/v2\/categories?post=514"},{"taxonomy":"post_tag","embeddable":true,"href":"https:\/\/eldiariodelaeducacion.com\/quererla-es-crearla\/wp-json\/wp\/v2\/tags?post=514"},{"taxonomy":"tipo","embeddable":true,"href":"https:\/\/eldiariodelaeducacion.com\/quererla-es-crearla\/wp-json\/wp\/v2\/tipo?post=514"}],"curies":[{"name":"wp","href":"https:\/\/api.w.org\/{rel}","templated":true}]}}