{"id":544,"date":"2025-07-30T04:00:00","date_gmt":"2025-07-30T02:00:00","guid":{"rendered":"https:\/\/eldiariodelaeducacion.com\/red-universitaria-de-renovacion-pedagogica\/?p=544"},"modified":"2025-07-31T11:23:59","modified_gmt":"2025-07-31T09:23:59","slug":"innovacion-educativa-en-el-diario-de-la-educacion","status":"publish","type":"post","link":"https:\/\/eldiariodelaeducacion.com\/red-universitaria-de-renovacion-pedagogica\/2025\/07\/30\/innovacion-educativa-en-el-diario-de-la-educacion\/","title":{"rendered":"Innovaci\u00f3n Educativa en &#8216;El Diario de la Educaci\u00f3n&#8217;"},"content":{"rendered":"\n<p><em>El Diario de la Educaci\u00f3n<\/em> es una referencia fundamental de la prensa pedag\u00f3gica en Espa\u00f1a. Hace alg\u00fan tiempo -y despu\u00e9s de un par de a\u00f1os de ser usuarias entusiastas de autoras y autores como Mart\u00ednez-Bonaf\u00e9, Torrego, Rogero\u2026- nos hemos planteado desentra\u00f1ar el significado que este medio otorga a la innovaci\u00f3n educativa, ese concepto tan importante, pero incomprendido en nuestro sistema educativo.<\/p>\n\n\n\n<p>Hemos hecho una investigaci\u00f3n documental para analizar el contenido de <em>El Diario de la Educaci\u00f3n<\/em> desde 2015 hasta 2022, pensando que muchas veces las personas entusiastas de la educaci\u00f3n lo ven como una herramienta de lucha por el derecho universal al conocimiento y la igualdad de oportunidades. A trav\u00e9s de nuestra reflexi\u00f3n, hemos constatado que la innovaci\u00f3n educativa es un concepto antiguo y polis\u00e9mico, cuyo objetivo primordial reside en mejorar la calidad de los procesos educativos. Sin embargo, no hemos tardado en percibir c\u00f3mo su significado se ha visto envuelto en contradicciones, en gran medida debido a la influencia de las l\u00f3gicas de mercado en la educaci\u00f3n. Esta intromisi\u00f3n ha provocado una confusi\u00f3n alarmante, equiparando la innovaci\u00f3n con el simple uso de tecnolog\u00edas o la adopci\u00f3n de m\u00e9todos educativos espec\u00edficos. Creemos firmemente que es esencial promover espacios de reflexi\u00f3n sobre la incidencia de la prensa digital educativa en la sociedad para comprender mejor c\u00f3mo se materializa el discurso de la innovaci\u00f3n educativa en este tipo de medios.<\/p>\n\n\n\n<p>En <em>El Diario de la Educaci\u00f3n<\/em> hemos encontrado diversos significados de la innovaci\u00f3n educativa, que convergen en una visi\u00f3n que trasciende la mera aplicaci\u00f3n de herramientas o metodolog\u00edas novedosas. Una de las conclusiones m\u00e1s robustas es que la innovaci\u00f3n educativa se opone a la reducci\u00f3n de la educaci\u00f3n, a la moda tecnol\u00f3gica y metodol\u00f3gica.<\/p>\n\n\n\n<blockquote class=\"wp-block-quote is-layout-flow wp-block-quote-is-layout-flow\">\n<p> En este medio se critica la tendencia a considerar la tecnolog\u00eda digital como la \u00fanica \u00abfuerza transformadora\u00bb, olvidando que la verdadera innovaci\u00f3n emana de una reflexi\u00f3n pedag\u00f3gica profunda sobre las pr\u00e1cticas y pensamientos que se replican acr\u00edticamente en las aulas. Como bien se\u00f1alan las autoras y los autores del diario, la tecnolog\u00eda por s\u00ed sola no garantiza una mejora del aprendizaje, pudiendo ser novedosa sin ser verdaderamente transformadora.<\/p>\n<\/blockquote>\n\n\n\n<p>Otro pilar fundamental que hemos encontrado en esta reflexi\u00f3n es la oposici\u00f3n de la innovaci\u00f3n educativa a las l\u00f3gicas neoliberales. En las l\u00edneas del diario se cuestiona c\u00f3mo la falta de cr\u00edtica ha permitido que ideales neoliberales se introduzcan en las escuelas bajo la etiqueta de innovaci\u00f3n, sin examinar sus verdaderas finalidades. Se advierte que pr\u00e1cticas como la rivalidad entre estudiantes o el enfoque exclusivo en \u00abcompetencias\u00bb pueden estar al servicio del capitalismo, formando futuros adultos eficientes para el sistema laboral, desvirtuando el sentido genuino de la innovaci\u00f3n. Se lamenta c\u00f3mo este enfoque ha llevado a un menosprecio de luchas educativas valiosas, como la defensa de la igualdad y la equidad.<\/p>\n\n\n\n<blockquote class=\"wp-block-quote is-layout-flow wp-block-quote-is-layout-flow\">\n<p>En <em>El Diario de la Educaci\u00f3n<\/em>, la innovaci\u00f3n educativa posee finalidades eminentemente educativas, centradas en la emancipaci\u00f3n, el aprendizaje y la mejora \u00e9tica de las personas. Adem\u00e1s, en sus l\u00edneas se defiende la colaboraci\u00f3n y la interdisciplina como acciones necesarias, concibiendo la educaci\u00f3n como un derecho que va m\u00e1s all\u00e1 de las instituciones formales.<\/p>\n<\/blockquote>\n\n\n\n<p>Asimismo, las autoras y autores del diario exponen que la innovaci\u00f3n educativa tiene un car\u00e1cter colegiado, por lo que requiere el conocimiento, el consenso y el compartir entre un grupo de personas con un fin com\u00fan. Este medio destaca la importancia de la iniciativa y la reflexi\u00f3n colectiva de los equipos profesionales, as\u00ed como el trabajo en red entre docentes para aprender y reflexionar sobre sus pr\u00e1cticas.<\/p>\n\n\n\n<p>Finalmente, pensamos que la innovaci\u00f3n educativa requiere un compromiso profundo con la justicia social. Una innovaci\u00f3n sin este compromiso corre el riesgo de convertirse en una moda superficial o, incluso, en un disfraz de la exclusi\u00f3n y la segregaci\u00f3n. Se enfatizan valores como la solidaridad, el respeto y el cuidado del otro, as\u00ed como la ecolog\u00eda y el feminismo, como cimientos y objetivos de la innovaci\u00f3n. Adem\u00e1s, se considera crucial que la innovaci\u00f3n garantice la igualdad de oportunidades para todos los estudiantes y centros educativos.<\/p>\n\n\n\n<p>Por tanto, <em>El Diario de la Educaci\u00f3n<\/em> presenta la innovaci\u00f3n educativa como un <strong>cambio estructural con una perspectiva local y contextual, arraigado en la reflexi\u00f3n cr\u00edtica de cada comunidad sobre sus propias necesidades y orientado hacia finalidades eminentemente educativas<\/strong>. No es una soluci\u00f3n m\u00e1gica ni estandarizada, sino un <strong>proceso continuo y comprometido con la transformaci\u00f3n social y el bienestar educativo de toda la comunidad<\/strong>. Por todo ello, reconocemos el valor de <strong><em>El Diario de la Educaci\u00f3n<\/em> como un medio comprometido con una visi\u00f3n cr\u00edtica y transformadora de la innovaci\u00f3n educativa<\/strong>. Su labor ofrece un espacio necesario para la reflexi\u00f3n pedag\u00f3gica, alej\u00e1ndose de modas y discursos mercantilistas, y apostando por una educaci\u00f3n p\u00fablica, \u00e9tica y orientada al bien com\u00fan.<\/p>\n\n\n\n<p>Si quieres m\u00e1s informaci\u00f3n: <a href=\"https:\/\/revistas.ulusofona.pt\/index.php\/rleducacao\/article\/view\/9432\">https:\/\/revistas.ulusofona.pt\/index.php\/rleducacao\/article\/view\/9432<\/a><\/p>\n\n\n\n<p>Si te gustar\u00eda participar y unirte a esta red, puedes escribir un correo electr\u00f3nico a:\u00a0<a href=\"mailto:redunirenovacionpedagogica@gmail.com\">redunirenovacionpedagogica@gmail.com<\/a><\/p>\n\n\n\n<p><\/p>\n","protected":false},"excerpt":{"rendered":"<p>El Diario de la Educaci\u00f3n es una referencia fundamental de la prensa pedag\u00f3gica en Espa\u00f1a. Hace alg\u00fan tiempo -y despu\u00e9s de un par de a\u00f1os de ser usuarias entusiastas de autoras y autores como Mart\u00ednez-Bonaf\u00e9, Torrego, Rogero\u2026- nos hemos planteado desentra\u00f1ar el significado que este medio otorga a la innovaci\u00f3n educativa, ese concepto tan importante,<\/p>\n","protected":false},"author":1422,"featured_media":549,"comment_status":"open","ping_status":"open","sticky":false,"template":"","format":"standard","meta":{"footnotes":""},"categories":[1],"tags":[31,26],"tipo":[],"class_list":{"0":"post-544","1":"post","2":"type-post","3":"status-publish","4":"format-standard","5":"has-post-thumbnail","7":"category-sin-categoria","8":"tag-innovacion","9":"tag-renovacion-pedagogica"},"yoast_head":"<!-- This site is optimized with the Yoast SEO plugin v27.5 - https:\/\/yoast.com\/product\/yoast-seo-wordpress\/ -->\n<title>Innovaci\u00f3n Educativa en &#039;El Diario de la Educaci\u00f3n&#039; - Red universitaria de renovaci\u00f3n pedag\u00f3gica<\/title>\n<meta name=\"robots\" content=\"index, follow, max-snippet:-1, max-image-preview:large, max-video-preview:-1\" \/>\n<link rel=\"canonical\" href=\"https:\/\/eldiariodelaeducacion.com\/red-universitaria-de-renovacion-pedagogica\/2025\/07\/30\/innovacion-educativa-en-el-diario-de-la-educacion\/\" \/>\n<meta property=\"og:locale\" content=\"es_ES\" \/>\n<meta property=\"og:type\" content=\"article\" \/>\n<meta property=\"og:title\" content=\"Innovaci\u00f3n Educativa en &#039;El Diario de la Educaci\u00f3n&#039; - Red universitaria de renovaci\u00f3n pedag\u00f3gica\" \/>\n<meta property=\"og:description\" content=\"El Diario de la Educaci\u00f3n es una referencia fundamental de la prensa pedag\u00f3gica en Espa\u00f1a. Hace alg\u00fan tiempo -y despu\u00e9s de un par de a\u00f1os de ser usuarias entusiastas de autoras y autores como Mart\u00ednez-Bonaf\u00e9, Torrego, Rogero\u2026- nos hemos planteado desentra\u00f1ar el significado que este medio otorga a la innovaci\u00f3n educativa, ese concepto tan importante,\" \/>\n<meta property=\"og:url\" content=\"https:\/\/eldiariodelaeducacion.com\/red-universitaria-de-renovacion-pedagogica\/2025\/07\/30\/innovacion-educativa-en-el-diario-de-la-educacion\/\" \/>\n<meta property=\"og:site_name\" content=\"Red universitaria de renovaci\u00f3n pedag\u00f3gica\" \/>\n<meta property=\"article:published_time\" content=\"2025-07-30T02:00:00+00:00\" \/>\n<meta property=\"article:modified_time\" content=\"2025-07-31T09:23:59+00:00\" \/>\n<meta property=\"og:image\" content=\"https:\/\/eldiariodelaeducacion.com\/red-universitaria-de-renovacion-pedagogica\/wp-content\/uploads\/sites\/29\/2025\/07\/IMG_0739.png\" \/>\n\t<meta property=\"og:image:width\" content=\"828\" \/>\n\t<meta property=\"og:image:height\" content=\"879\" \/>\n\t<meta property=\"og:image:type\" content=\"image\/png\" \/>\n<meta name=\"author\" content=\"Katherine Gajardo Espinoza y Laura Escalona Rubio\" \/>\n<meta name=\"twitter:card\" content=\"summary_large_image\" \/>\n<meta name=\"twitter:label1\" content=\"Escrito por\" \/>\n\t<meta name=\"twitter:data1\" content=\"Katherine Gajardo Espinoza y Laura Escalona Rubio\" \/>\n\t<meta name=\"twitter:label2\" content=\"Tiempo de lectura\" \/>\n\t<meta name=\"twitter:data2\" content=\"4 minutos\" \/>\n<script type=\"application\/ld+json\" class=\"yoast-schema-graph\">{\"@context\":\"https:\\\/\\\/schema.org\",\"@graph\":[{\"@type\":\"Article\",\"@id\":\"https:\\\/\\\/eldiariodelaeducacion.com\\\/red-universitaria-de-renovacion-pedagogica\\\/2025\\\/07\\\/30\\\/innovacion-educativa-en-el-diario-de-la-educacion\\\/#article\",\"isPartOf\":{\"@id\":\"https:\\\/\\\/eldiariodelaeducacion.com\\\/red-universitaria-de-renovacion-pedagogica\\\/2025\\\/07\\\/30\\\/innovacion-educativa-en-el-diario-de-la-educacion\\\/\"},\"author\":{\"name\":\"Katherine Gajardo Espinoza y Laura Escalona Rubio\",\"@id\":\"https:\\\/\\\/eldiariodelaeducacion.com\\\/red-universitaria-de-renovacion-pedagogica\\\/#\\\/schema\\\/person\\\/c6c4cfa1cdb00a4c1ac0c8df93d75e34\"},\"headline\":\"Innovaci\u00f3n Educativa en &#8216;El Diario de la Educaci\u00f3n&#8217;\",\"datePublished\":\"2025-07-30T02:00:00+00:00\",\"dateModified\":\"2025-07-31T09:23:59+00:00\",\"mainEntityOfPage\":{\"@id\":\"https:\\\/\\\/eldiariodelaeducacion.com\\\/red-universitaria-de-renovacion-pedagogica\\\/2025\\\/07\\\/30\\\/innovacion-educativa-en-el-diario-de-la-educacion\\\/\"},\"wordCount\":926,\"commentCount\":0,\"image\":{\"@id\":\"https:\\\/\\\/eldiariodelaeducacion.com\\\/red-universitaria-de-renovacion-pedagogica\\\/2025\\\/07\\\/30\\\/innovacion-educativa-en-el-diario-de-la-educacion\\\/#primaryimage\"},\"thumbnailUrl\":\"https:\\\/\\\/eldiariodelaeducacion.com\\\/red-universitaria-de-renovacion-pedagogica\\\/wp-content\\\/uploads\\\/sites\\\/29\\\/2025\\\/07\\\/IMG_0739.png\",\"keywords\":[\"innovaci\u00f3n\",\"Renovaci\u00f3n Pedag\u00f3gica\"],\"inLanguage\":\"es\",\"potentialAction\":[{\"@type\":\"CommentAction\",\"name\":\"Comment\",\"target\":[\"https:\\\/\\\/eldiariodelaeducacion.com\\\/red-universitaria-de-renovacion-pedagogica\\\/2025\\\/07\\\/30\\\/innovacion-educativa-en-el-diario-de-la-educacion\\\/#respond\"]}]},{\"@type\":\"WebPage\",\"@id\":\"https:\\\/\\\/eldiariodelaeducacion.com\\\/red-universitaria-de-renovacion-pedagogica\\\/2025\\\/07\\\/30\\\/innovacion-educativa-en-el-diario-de-la-educacion\\\/\",\"url\":\"https:\\\/\\\/eldiariodelaeducacion.com\\\/red-universitaria-de-renovacion-pedagogica\\\/2025\\\/07\\\/30\\\/innovacion-educativa-en-el-diario-de-la-educacion\\\/\",\"name\":\"Innovaci\u00f3n Educativa en 'El Diario de la Educaci\u00f3n' - Red universitaria de renovaci\u00f3n pedag\u00f3gica\",\"isPartOf\":{\"@id\":\"https:\\\/\\\/eldiariodelaeducacion.com\\\/red-universitaria-de-renovacion-pedagogica\\\/#website\"},\"primaryImageOfPage\":{\"@id\":\"https:\\\/\\\/eldiariodelaeducacion.com\\\/red-universitaria-de-renovacion-pedagogica\\\/2025\\\/07\\\/30\\\/innovacion-educativa-en-el-diario-de-la-educacion\\\/#primaryimage\"},\"image\":{\"@id\":\"https:\\\/\\\/eldiariodelaeducacion.com\\\/red-universitaria-de-renovacion-pedagogica\\\/2025\\\/07\\\/30\\\/innovacion-educativa-en-el-diario-de-la-educacion\\\/#primaryimage\"},\"thumbnailUrl\":\"https:\\\/\\\/eldiariodelaeducacion.com\\\/red-universitaria-de-renovacion-pedagogica\\\/wp-content\\\/uploads\\\/sites\\\/29\\\/2025\\\/07\\\/IMG_0739.png\",\"datePublished\":\"2025-07-30T02:00:00+00:00\",\"dateModified\":\"2025-07-31T09:23:59+00:00\",\"author\":{\"@id\":\"https:\\\/\\\/eldiariodelaeducacion.com\\\/red-universitaria-de-renovacion-pedagogica\\\/#\\\/schema\\\/person\\\/c6c4cfa1cdb00a4c1ac0c8df93d75e34\"},\"breadcrumb\":{\"@id\":\"https:\\\/\\\/eldiariodelaeducacion.com\\\/red-universitaria-de-renovacion-pedagogica\\\/2025\\\/07\\\/30\\\/innovacion-educativa-en-el-diario-de-la-educacion\\\/#breadcrumb\"},\"inLanguage\":\"es\",\"potentialAction\":[{\"@type\":\"ReadAction\",\"target\":[\"https:\\\/\\\/eldiariodelaeducacion.com\\\/red-universitaria-de-renovacion-pedagogica\\\/2025\\\/07\\\/30\\\/innovacion-educativa-en-el-diario-de-la-educacion\\\/\"]}]},{\"@type\":\"ImageObject\",\"inLanguage\":\"es\",\"@id\":\"https:\\\/\\\/eldiariodelaeducacion.com\\\/red-universitaria-de-renovacion-pedagogica\\\/2025\\\/07\\\/30\\\/innovacion-educativa-en-el-diario-de-la-educacion\\\/#primaryimage\",\"url\":\"https:\\\/\\\/eldiariodelaeducacion.com\\\/red-universitaria-de-renovacion-pedagogica\\\/wp-content\\\/uploads\\\/sites\\\/29\\\/2025\\\/07\\\/IMG_0739.png\",\"contentUrl\":\"https:\\\/\\\/eldiariodelaeducacion.com\\\/red-universitaria-de-renovacion-pedagogica\\\/wp-content\\\/uploads\\\/sites\\\/29\\\/2025\\\/07\\\/IMG_0739.png\",\"width\":828,\"height\":879,\"caption\":\"Ilustraci\u00f3n cedida por Govalart\"},{\"@type\":\"BreadcrumbList\",\"@id\":\"https:\\\/\\\/eldiariodelaeducacion.com\\\/red-universitaria-de-renovacion-pedagogica\\\/2025\\\/07\\\/30\\\/innovacion-educativa-en-el-diario-de-la-educacion\\\/#breadcrumb\",\"itemListElement\":[{\"@type\":\"ListItem\",\"position\":1,\"name\":\"Portada\",\"item\":\"https:\\\/\\\/eldiariodelaeducacion.com\\\/red-universitaria-de-renovacion-pedagogica\\\/\"},{\"@type\":\"ListItem\",\"position\":2,\"name\":\"Innovaci\u00f3n Educativa en &#8216;El Diario de la Educaci\u00f3n&#8217;\"}]},{\"@type\":\"WebSite\",\"@id\":\"https:\\\/\\\/eldiariodelaeducacion.com\\\/red-universitaria-de-renovacion-pedagogica\\\/#website\",\"url\":\"https:\\\/\\\/eldiariodelaeducacion.com\\\/red-universitaria-de-renovacion-pedagogica\\\/\",\"name\":\"Red universitaria de renovaci\u00f3n pedag\u00f3gica\",\"description\":\"Un blog de El Diario de la Educaci\u00f3n\",\"potentialAction\":[{\"@type\":\"SearchAction\",\"target\":{\"@type\":\"EntryPoint\",\"urlTemplate\":\"https:\\\/\\\/eldiariodelaeducacion.com\\\/red-universitaria-de-renovacion-pedagogica\\\/?s={search_term_string}\"},\"query-input\":{\"@type\":\"PropertyValueSpecification\",\"valueRequired\":true,\"valueName\":\"search_term_string\"}}],\"inLanguage\":\"es\"},{\"@type\":\"Person\",\"@id\":\"https:\\\/\\\/eldiariodelaeducacion.com\\\/red-universitaria-de-renovacion-pedagogica\\\/#\\\/schema\\\/person\\\/c6c4cfa1cdb00a4c1ac0c8df93d75e34\",\"name\":\"Katherine Gajardo Espinoza y Laura Escalona Rubio\",\"image\":{\"@type\":\"ImageObject\",\"inLanguage\":\"es\",\"@id\":\"https:\\\/\\\/eldiariodelaeducacion.com\\\/red-universitaria-de-renovacion-pedagogica\\\/wp-content\\\/uploads\\\/sites\\\/29\\\/2025\\\/07\\\/katherinelaura_avatar-96x96.jpg\",\"url\":\"https:\\\/\\\/eldiariodelaeducacion.com\\\/red-universitaria-de-renovacion-pedagogica\\\/wp-content\\\/uploads\\\/sites\\\/29\\\/2025\\\/07\\\/katherinelaura_avatar-96x96.jpg\",\"contentUrl\":\"https:\\\/\\\/eldiariodelaeducacion.com\\\/red-universitaria-de-renovacion-pedagogica\\\/wp-content\\\/uploads\\\/sites\\\/29\\\/2025\\\/07\\\/katherinelaura_avatar-96x96.jpg\",\"caption\":\"Katherine Gajardo Espinoza y Laura Escalona Rubio\"},\"description\":\"Katherine Gajardo es profesora Ayudante Doctora en la Universidad de Valladolid y Laura Escalona es investigadora predoctoral en la Universidad de Valladolid\",\"url\":\"https:\\\/\\\/eldiariodelaeducacion.com\\\/red-universitaria-de-renovacion-pedagogica\\\/author\\\/katherinelaura\\\/\"}]}<\/script>\n<!-- \/ Yoast SEO plugin. -->","yoast_head_json":{"title":"Innovaci\u00f3n Educativa en 'El Diario de la Educaci\u00f3n' - Red universitaria de renovaci\u00f3n pedag\u00f3gica","robots":{"index":"index","follow":"follow","max-snippet":"max-snippet:-1","max-image-preview":"max-image-preview:large","max-video-preview":"max-video-preview:-1"},"canonical":"https:\/\/eldiariodelaeducacion.com\/red-universitaria-de-renovacion-pedagogica\/2025\/07\/30\/innovacion-educativa-en-el-diario-de-la-educacion\/","og_locale":"es_ES","og_type":"article","og_title":"Innovaci\u00f3n Educativa en 'El Diario de la Educaci\u00f3n' - Red universitaria de renovaci\u00f3n pedag\u00f3gica","og_description":"El Diario de la Educaci\u00f3n es una referencia fundamental de la prensa pedag\u00f3gica en Espa\u00f1a. Hace alg\u00fan tiempo -y despu\u00e9s de un par de a\u00f1os de ser usuarias entusiastas de autoras y autores como Mart\u00ednez-Bonaf\u00e9, Torrego, Rogero\u2026- nos hemos planteado desentra\u00f1ar el significado que este medio otorga a la innovaci\u00f3n educativa, ese concepto tan importante,","og_url":"https:\/\/eldiariodelaeducacion.com\/red-universitaria-de-renovacion-pedagogica\/2025\/07\/30\/innovacion-educativa-en-el-diario-de-la-educacion\/","og_site_name":"Red universitaria de renovaci\u00f3n pedag\u00f3gica","article_published_time":"2025-07-30T02:00:00+00:00","article_modified_time":"2025-07-31T09:23:59+00:00","og_image":[{"width":828,"height":879,"url":"https:\/\/eldiariodelaeducacion.com\/red-universitaria-de-renovacion-pedagogica\/wp-content\/uploads\/sites\/29\/2025\/07\/IMG_0739.png","type":"image\/png"}],"author":"Katherine Gajardo Espinoza y Laura Escalona Rubio","twitter_card":"summary_large_image","twitter_misc":{"Escrito por":"Katherine Gajardo Espinoza y Laura Escalona Rubio","Tiempo de lectura":"4 minutos"},"schema":{"@context":"https:\/\/schema.org","@graph":[{"@type":"Article","@id":"https:\/\/eldiariodelaeducacion.com\/red-universitaria-de-renovacion-pedagogica\/2025\/07\/30\/innovacion-educativa-en-el-diario-de-la-educacion\/#article","isPartOf":{"@id":"https:\/\/eldiariodelaeducacion.com\/red-universitaria-de-renovacion-pedagogica\/2025\/07\/30\/innovacion-educativa-en-el-diario-de-la-educacion\/"},"author":{"name":"Katherine Gajardo Espinoza y Laura Escalona Rubio","@id":"https:\/\/eldiariodelaeducacion.com\/red-universitaria-de-renovacion-pedagogica\/#\/schema\/person\/c6c4cfa1cdb00a4c1ac0c8df93d75e34"},"headline":"Innovaci\u00f3n Educativa en &#8216;El Diario de la Educaci\u00f3n&#8217;","datePublished":"2025-07-30T02:00:00+00:00","dateModified":"2025-07-31T09:23:59+00:00","mainEntityOfPage":{"@id":"https:\/\/eldiariodelaeducacion.com\/red-universitaria-de-renovacion-pedagogica\/2025\/07\/30\/innovacion-educativa-en-el-diario-de-la-educacion\/"},"wordCount":926,"commentCount":0,"image":{"@id":"https:\/\/eldiariodelaeducacion.com\/red-universitaria-de-renovacion-pedagogica\/2025\/07\/30\/innovacion-educativa-en-el-diario-de-la-educacion\/#primaryimage"},"thumbnailUrl":"https:\/\/eldiariodelaeducacion.com\/red-universitaria-de-renovacion-pedagogica\/wp-content\/uploads\/sites\/29\/2025\/07\/IMG_0739.png","keywords":["innovaci\u00f3n","Renovaci\u00f3n Pedag\u00f3gica"],"inLanguage":"es","potentialAction":[{"@type":"CommentAction","name":"Comment","target":["https:\/\/eldiariodelaeducacion.com\/red-universitaria-de-renovacion-pedagogica\/2025\/07\/30\/innovacion-educativa-en-el-diario-de-la-educacion\/#respond"]}]},{"@type":"WebPage","@id":"https:\/\/eldiariodelaeducacion.com\/red-universitaria-de-renovacion-pedagogica\/2025\/07\/30\/innovacion-educativa-en-el-diario-de-la-educacion\/","url":"https:\/\/eldiariodelaeducacion.com\/red-universitaria-de-renovacion-pedagogica\/2025\/07\/30\/innovacion-educativa-en-el-diario-de-la-educacion\/","name":"Innovaci\u00f3n Educativa en 'El Diario de la Educaci\u00f3n' - Red universitaria de renovaci\u00f3n pedag\u00f3gica","isPartOf":{"@id":"https:\/\/eldiariodelaeducacion.com\/red-universitaria-de-renovacion-pedagogica\/#website"},"primaryImageOfPage":{"@id":"https:\/\/eldiariodelaeducacion.com\/red-universitaria-de-renovacion-pedagogica\/2025\/07\/30\/innovacion-educativa-en-el-diario-de-la-educacion\/#primaryimage"},"image":{"@id":"https:\/\/eldiariodelaeducacion.com\/red-universitaria-de-renovacion-pedagogica\/2025\/07\/30\/innovacion-educativa-en-el-diario-de-la-educacion\/#primaryimage"},"thumbnailUrl":"https:\/\/eldiariodelaeducacion.com\/red-universitaria-de-renovacion-pedagogica\/wp-content\/uploads\/sites\/29\/2025\/07\/IMG_0739.png","datePublished":"2025-07-30T02:00:00+00:00","dateModified":"2025-07-31T09:23:59+00:00","author":{"@id":"https:\/\/eldiariodelaeducacion.com\/red-universitaria-de-renovacion-pedagogica\/#\/schema\/person\/c6c4cfa1cdb00a4c1ac0c8df93d75e34"},"breadcrumb":{"@id":"https:\/\/eldiariodelaeducacion.com\/red-universitaria-de-renovacion-pedagogica\/2025\/07\/30\/innovacion-educativa-en-el-diario-de-la-educacion\/#breadcrumb"},"inLanguage":"es","potentialAction":[{"@type":"ReadAction","target":["https:\/\/eldiariodelaeducacion.com\/red-universitaria-de-renovacion-pedagogica\/2025\/07\/30\/innovacion-educativa-en-el-diario-de-la-educacion\/"]}]},{"@type":"ImageObject","inLanguage":"es","@id":"https:\/\/eldiariodelaeducacion.com\/red-universitaria-de-renovacion-pedagogica\/2025\/07\/30\/innovacion-educativa-en-el-diario-de-la-educacion\/#primaryimage","url":"https:\/\/eldiariodelaeducacion.com\/red-universitaria-de-renovacion-pedagogica\/wp-content\/uploads\/sites\/29\/2025\/07\/IMG_0739.png","contentUrl":"https:\/\/eldiariodelaeducacion.com\/red-universitaria-de-renovacion-pedagogica\/wp-content\/uploads\/sites\/29\/2025\/07\/IMG_0739.png","width":828,"height":879,"caption":"Ilustraci\u00f3n cedida por Govalart"},{"@type":"BreadcrumbList","@id":"https:\/\/eldiariodelaeducacion.com\/red-universitaria-de-renovacion-pedagogica\/2025\/07\/30\/innovacion-educativa-en-el-diario-de-la-educacion\/#breadcrumb","itemListElement":[{"@type":"ListItem","position":1,"name":"Portada","item":"https:\/\/eldiariodelaeducacion.com\/red-universitaria-de-renovacion-pedagogica\/"},{"@type":"ListItem","position":2,"name":"Innovaci\u00f3n Educativa en &#8216;El Diario de la Educaci\u00f3n&#8217;"}]},{"@type":"WebSite","@id":"https:\/\/eldiariodelaeducacion.com\/red-universitaria-de-renovacion-pedagogica\/#website","url":"https:\/\/eldiariodelaeducacion.com\/red-universitaria-de-renovacion-pedagogica\/","name":"Red universitaria de renovaci\u00f3n pedag\u00f3gica","description":"Un blog de El Diario de la Educaci\u00f3n","potentialAction":[{"@type":"SearchAction","target":{"@type":"EntryPoint","urlTemplate":"https:\/\/eldiariodelaeducacion.com\/red-universitaria-de-renovacion-pedagogica\/?s={search_term_string}"},"query-input":{"@type":"PropertyValueSpecification","valueRequired":true,"valueName":"search_term_string"}}],"inLanguage":"es"},{"@type":"Person","@id":"https:\/\/eldiariodelaeducacion.com\/red-universitaria-de-renovacion-pedagogica\/#\/schema\/person\/c6c4cfa1cdb00a4c1ac0c8df93d75e34","name":"Katherine Gajardo Espinoza y Laura Escalona Rubio","image":{"@type":"ImageObject","inLanguage":"es","@id":"https:\/\/eldiariodelaeducacion.com\/red-universitaria-de-renovacion-pedagogica\/wp-content\/uploads\/sites\/29\/2025\/07\/katherinelaura_avatar-96x96.jpg","url":"https:\/\/eldiariodelaeducacion.com\/red-universitaria-de-renovacion-pedagogica\/wp-content\/uploads\/sites\/29\/2025\/07\/katherinelaura_avatar-96x96.jpg","contentUrl":"https:\/\/eldiariodelaeducacion.com\/red-universitaria-de-renovacion-pedagogica\/wp-content\/uploads\/sites\/29\/2025\/07\/katherinelaura_avatar-96x96.jpg","caption":"Katherine Gajardo Espinoza y Laura Escalona Rubio"},"description":"Katherine Gajardo es profesora Ayudante Doctora en la Universidad de Valladolid y Laura Escalona es investigadora predoctoral en la Universidad de Valladolid","url":"https:\/\/eldiariodelaeducacion.com\/red-universitaria-de-renovacion-pedagogica\/author\/katherinelaura\/"}]}},"_links":{"self":[{"href":"https:\/\/eldiariodelaeducacion.com\/red-universitaria-de-renovacion-pedagogica\/wp-json\/wp\/v2\/posts\/544","targetHints":{"allow":["GET"]}}],"collection":[{"href":"https:\/\/eldiariodelaeducacion.com\/red-universitaria-de-renovacion-pedagogica\/wp-json\/wp\/v2\/posts"}],"about":[{"href":"https:\/\/eldiariodelaeducacion.com\/red-universitaria-de-renovacion-pedagogica\/wp-json\/wp\/v2\/types\/post"}],"author":[{"embeddable":true,"href":"https:\/\/eldiariodelaeducacion.com\/red-universitaria-de-renovacion-pedagogica\/wp-json\/wp\/v2\/users\/1422"}],"replies":[{"embeddable":true,"href":"https:\/\/eldiariodelaeducacion.com\/red-universitaria-de-renovacion-pedagogica\/wp-json\/wp\/v2\/comments?post=544"}],"version-history":[{"count":7,"href":"https:\/\/eldiariodelaeducacion.com\/red-universitaria-de-renovacion-pedagogica\/wp-json\/wp\/v2\/posts\/544\/revisions"}],"predecessor-version":[{"id":561,"href":"https:\/\/eldiariodelaeducacion.com\/red-universitaria-de-renovacion-pedagogica\/wp-json\/wp\/v2\/posts\/544\/revisions\/561"}],"wp:featuredmedia":[{"embeddable":true,"href":"https:\/\/eldiariodelaeducacion.com\/red-universitaria-de-renovacion-pedagogica\/wp-json\/wp\/v2\/media\/549"}],"wp:attachment":[{"href":"https:\/\/eldiariodelaeducacion.com\/red-universitaria-de-renovacion-pedagogica\/wp-json\/wp\/v2\/media?parent=544"}],"wp:term":[{"taxonomy":"category","embeddable":true,"href":"https:\/\/eldiariodelaeducacion.com\/red-universitaria-de-renovacion-pedagogica\/wp-json\/wp\/v2\/categories?post=544"},{"taxonomy":"post_tag","embeddable":true,"href":"https:\/\/eldiariodelaeducacion.com\/red-universitaria-de-renovacion-pedagogica\/wp-json\/wp\/v2\/tags?post=544"},{"taxonomy":"tipo","embeddable":true,"href":"https:\/\/eldiariodelaeducacion.com\/red-universitaria-de-renovacion-pedagogica\/wp-json\/wp\/v2\/tipo?post=544"}],"curies":[{"name":"wp","href":"https:\/\/api.w.org\/{rel}","templated":true}]}}