{"id":405,"date":"2024-11-15T06:00:00","date_gmt":"2024-11-15T05:00:00","guid":{"rendered":"https:\/\/eldiariodelaeducacion.com\/una-ventana-al-mundo\/?p=405"},"modified":"2024-11-14T11:58:28","modified_gmt":"2024-11-14T10:58:28","slug":"trump-y-el-fin-del-sueno-americano","status":"publish","type":"post","link":"https:\/\/eldiariodelaeducacion.com\/una-ventana-al-mundo\/2024\/11\/15\/trump-y-el-fin-del-sueno-americano\/","title":{"rendered":"Trump y el fin del sue\u00f1o americano"},"content":{"rendered":"\n<p>La elecci\u00f3n presidencial de Donald Trump puede compararse a la elecci\u00f3n del republicano <a href=\"https:\/\/xqthenews.com\/es\/glossary\/ronald-reagan\/\">Ronald Reagan<\/a> en 1980, que puso en marcha una revoluci\u00f3n neoliberal y conservadora que transform\u00f3 Estados Unidos y el mundo. Esa revoluci\u00f3n de Reagan y sus consecuencias est\u00e1n en el origen de la frustraci\u00f3n actual de muchos americanos que, parad\u00f3jicamente, han votado a Trump. Es otro republicano que piensa cambiar su pa\u00eds y de paso el orden mundial. Todav\u00eda no sabemos hasta qu\u00e9 punto.<\/p>\n\n\n\n<p>Esta vez, detr\u00e1s de la campa\u00f1a de Trump se encuentra la extrema derecha de signo fascista que tiene todo un programa preparado, <em>Project 2025<\/em>, un plan con el que pretenden \u201cenderezar\u201d el pa\u00eds despu\u00e9s de todos los males que atribuyen a la izquierda.<\/p>\n\n\n\n<p>El programa de Trump abordaba los temas que preocupan a la poblaci\u00f3n que le ha votado, pero en la pr\u00e1ctica es un programa que va contra los inmigrantes, contra los derechos de las mujeres, contra la protecci\u00f3n del medio ambiente, contra la educaci\u00f3n p\u00fablica federal, contra la prensa <a href=\"https:\/\/xqthenews.com\/es\/glossary\/independencia\/\">independiente<\/a>, contra el movimiento LGTBIQ+, contra la cooperaci\u00f3n con Europa\u2026<\/p>\n\n\n\n<p>La nueva victoria de Trump como presidente de Estados Unidos es el resultado de casi medio siglo de pol\u00edticas neoliberales, de un capitalismo sin reglas, con unos medios de comunicaci\u00f3n sin regulaci\u00f3n ni autorregulaci\u00f3n, donde ya no se pide la honestidad y el rigor period\u00edsticos. El nuevo panorama informativo sin normas y la influencia de las redes sociales han facilitado la desinformaci\u00f3n y manipulaci\u00f3n de la <a href=\"https:\/\/xqthenews.com\/es\/glossary\/opinion-publica\/\">opini\u00f3n p\u00fablica<\/a>.<\/p>\n\n\n\n<p>Mucha gente ha sufrido a\u00f1os de pol\u00edticas fiscales que benefician a las grandes empresas y los m\u00e1s ricos, y han visto c\u00f3mo se gastaban millones y millones de d\u00f3lares en guerras en el extranjero, mientras se dejaban de lado las pol\u00edticas educativas, sanitarias y de vivienda social que habr\u00edan permitido progresar en las clases medias y trabajadoras.<\/p>\n\n\n\n<p>Seg\u00fan las encuestas a pie de urna, un 55% de los blancos han votado a Trump. Muchos pertenecen a esas clases que perdieron con la revoluci\u00f3n conservadora de Reagan y no se han rehecho. Son los perdedores de la dr\u00e1stica reducci\u00f3n del papel del Estado y en beneficio de la iniciativa privada. Pese a que cuando han gobernado, los dem\u00f3cratas lo han intentado parchear, lo cierto es que no han cambiado nada fundamental porque un capitalismo desatado se ha mostrado dif\u00edcil de enderezar.<\/p>\n\n\n\n<p>Los gobiernos de Reagan facilitaron la <a href=\"https:\/\/xqthenews.com\/es\/glossary\/deslocalizacion-de-empresas\/\">deslocalizaci\u00f3n de empresas<\/a> que se marcharon \u2013 y no han vuelto nunca m\u00e1s -, en M\u00e9xico o en China, dejando grandes \u00e1reas deprimidas y miles de trabajadores sin trabajo. Mucha gente perdi\u00f3 el seguro m\u00e9dico que casi siempre iba ligado al puesto de trabajo. Miles de ni\u00f1as y ni\u00f1os, as\u00ed como adultos, mueren por enfermedades curables con asistencia m\u00e9dica. Millones de personas no han tenido acceso al seguro y otros se han arruinado para curarse de enfermedades graves.<\/p>\n\n\n\n<p>Ese <a href=\"https:\/\/xqthenews.com\/es\/glossary\/ascensor-social\/\">ascensor social<\/a> del que los americanos estaban tan seguros hace a\u00f1os que no funciona. El sue\u00f1o americano de hacerse rico si se trabaja mucho, se ha desvanecido. El presidente Biden y <a href=\"https:\/\/xqthenews.com\/es\/glossary\/kamala-harris\/\">Kamala Harris<\/a> son de los que han luchado por conseguir salarios m\u00e1s dignos porque Estados Unidos fue el primer pa\u00eds en el que apareci\u00f3 una nueva clase: los trabajadores pobres, los que trabajan todas las horas y no pueden llegar a fin de mes porque los sueldos son demasiado bajos.<\/p>\n\n\n\n<p>Ni los l\u00edderes dem\u00f3cratas ni los republicanos han seguido la advertencia del presidente <a href=\"https:\/\/xqthenews.com\/es\/glossary\/eisenhower\/\">Eisenhower<\/a> al dejar el poder. Quienes han venido detr\u00e1s han permitido que el complejo militar industrial; es decir, la <a href=\"https:\/\/xqthenews.com\/es\/glossary\/burocracia\/\">burocracia<\/a> del Pent\u00e1gono y las empresas de armamento, influyeran en la pol\u00edtica exterior de Estados Unidos, una pol\u00edtica belicista e <a href=\"https:\/\/xqthenews.com\/es\/glossary\/intervencionista\/\">intervencionista<\/a>. Los ciudadanos ven que se gastan millones de millones de d\u00f3lares en sufragar guerras que no benefician al pa\u00eds, en lugar de gastar ese dinero en m\u00e1s educaci\u00f3n, ayudas m\u00e9dicas y vivienda social.<\/p>\n\n\n\n<p>La victoria de Trump ha sido posible por la desconfianza de una parte del pa\u00eds en la clase pol\u00edtica y en el descontento provocado por los cambios sociales y econ\u00f3micos que han llevado a las pol\u00edticas neoliberales y la globalizaci\u00f3n implementadas en el \u00faltimo medio siglo en Estados Unidos. Han cre\u00eddo en el personaje, a pesar de todos los aspectos negativos que representa y que probablemente nunca les devolver\u00e1 la gran Am\u00e9rica que desean.<\/p>\n\n\n\n<p>La victoria de Trump tambi\u00e9n es una consecuencia del desastroso modo en que los dem\u00f3cratas han enfocado la campa\u00f1a de <a href=\"https:\/\/xqthenews.com\/es\/glossary\/kamala-harris\/\">Kamala Harris<\/a>. Las propuestas de Harris en los dos temas claves que se jugaban en esta campa\u00f1a, la inmigraci\u00f3n y la <a href=\"https:\/\/xqthenews.com\/es\/glossary\/guerra\/\">guerra<\/a> de Gaza, tambi\u00e9n han frustrado a mucha gente: millones de dem\u00f3cratas se han quedado en casa y no han votado.<\/p>\n\n\n\n<p>En el tema de la inmigraci\u00f3n, Harris se ha empantanado en el terreno marcado por Trump, el de la seguridad y los muros. Ha sido incapaz de cambiar el mensaje y recordar a los americanos que la inmigraci\u00f3n es un tema econ\u00f3mico, que son los inmigrantes los que cultivan los alimentos que comen, los que construyen sus casas y carreteras, los que cuidan a sus abuelos y ni\u00f1os. Habr\u00eda sido mejor recordar a los votantes que sin inmigrantes -como quiere Trump- la econom\u00eda americana no se sostendr\u00e1.<\/p>\n\n\n\n<p>En la <a href=\"https:\/\/xqthenews.com\/es\/glossary\/guerra\/\">guerra<\/a> de Israel contra Gaza y L\u00edbano, <a href=\"https:\/\/xqthenews.com\/es\/glossary\/kamala-harris\/\">Kamala Harris<\/a> ha continuado punto por punto la pol\u00edtica de la administraci\u00f3n Biden. Ha sido incapaz de romper con la pol\u00edtica <a href=\"https:\/\/xqthenews.com\/es\/glossary\/intervencionista\/\">intervencionista<\/a> anti \u00e1rabe y de <a href=\"https:\/\/xqthenews.com\/es\/glossary\/guerra\/\">guerra<\/a> infinita de los extremistas que mandan en el Departamento de Estado. Harris ha persistido en apoyar a Israel haga lo que haga, desestimando la influencia de quienes se opon\u00edan dentro del mismo electorado dem\u00f3crata y de las comunidades \u00e1rabes.<\/p>\n\n\n\n<p>Existe un clamor a favor del embargo de armas a Israel y que se presione a Netanyahu para terminar esta <a href=\"https:\/\/xqthenews.com\/es\/glossary\/guerra\/\">guerra<\/a> que Harris no ha escuchado. En una situaci\u00f3n econ\u00f3mica dif\u00edcil para muchos americanos, con una sangrienta desigualdad social, el astron\u00f3mico gasto en ayuda militar parece intolerable a muchos dem\u00f3cratas, que han dado la espalda a <a href=\"https:\/\/xqthenews.com\/es\/glossary\/kamala-harris\/\">Kamala Harris<\/a>.<\/p>\n","protected":false},"excerpt":{"rendered":"<p>El ascensor social del que los americanos estaban tan orgullosos, hace a\u00f1os que no funciona. El sue\u00f1o americano de hacerse rico si se trabaja mucho, se ha desvanecido. Estados Unidos fue el primer pa\u00eds en el que apareci\u00f3 una nueva clase: los trabajadores pobres. Son los perdedores de la globalizaci\u00f3n que, en masa, han apostado por Trump.<\/p>\n","protected":false},"author":1314,"featured_media":406,"comment_status":"open","ping_status":"open","sticky":false,"template":"","format":"standard","meta":{"footnotes":""},"categories":[22],"tags":[],"tipo":[],"class_list":{"0":"post-405","1":"post","2":"type-post","3":"status-publish","4":"format-standard","5":"has-post-thumbnail","7":"category-una-ventana-al-mundo"},"yoast_head":"<!-- This site is optimized with the Yoast SEO plugin v27.5 - https:\/\/yoast.com\/product\/yoast-seo-wordpress\/ -->\n<title>Trump y el fin del sue\u00f1o americano - Una ventana al mundo<\/title>\n<meta name=\"robots\" content=\"index, follow, max-snippet:-1, max-image-preview:large, max-video-preview:-1\" \/>\n<link rel=\"canonical\" href=\"https:\/\/eldiariodelaeducacion.com\/una-ventana-al-mundo\/2024\/11\/15\/trump-y-el-fin-del-sueno-americano\/\" \/>\n<meta property=\"og:locale\" content=\"es_ES\" \/>\n<meta property=\"og:type\" content=\"article\" \/>\n<meta property=\"og:title\" content=\"Trump y el fin del sue\u00f1o americano - Una ventana al mundo\" \/>\n<meta property=\"og:description\" content=\"El ascensor social del que los americanos estaban tan orgullosos, hace a\u00f1os que no funciona. El sue\u00f1o americano de hacerse rico si se trabaja mucho, se ha desvanecido. Estados Unidos fue el primer pa\u00eds en el que apareci\u00f3 una nueva clase: los trabajadores pobres. Son los perdedores de la globalizaci\u00f3n que, en masa, han apostado por Trump.\" \/>\n<meta property=\"og:url\" content=\"https:\/\/eldiariodelaeducacion.com\/una-ventana-al-mundo\/2024\/11\/15\/trump-y-el-fin-del-sueno-americano\/\" \/>\n<meta property=\"og:site_name\" content=\"Una ventana al mundo\" \/>\n<meta property=\"article:published_time\" content=\"2024-11-15T05:00:00+00:00\" \/>\n<meta property=\"og:image\" content=\"https:\/\/eldiariodelaeducacion.com\/una-ventana-al-mundo\/wp-content\/uploads\/sites\/27\/2024\/11\/Portada-2.jpg\" \/>\n\t<meta property=\"og:image:width\" content=\"1280\" \/>\n\t<meta property=\"og:image:height\" content=\"853\" \/>\n\t<meta property=\"og:image:type\" content=\"image\/jpeg\" \/>\n<meta name=\"author\" content=\"Ll\u00facia Oliva\" \/>\n<meta name=\"twitter:card\" content=\"summary_large_image\" \/>\n<meta name=\"twitter:label1\" content=\"Escrito por\" \/>\n\t<meta name=\"twitter:data1\" content=\"Ll\u00facia Oliva\" \/>\n\t<meta name=\"twitter:label2\" content=\"Tiempo de lectura\" \/>\n\t<meta name=\"twitter:data2\" content=\"5 minutos\" \/>\n<script type=\"application\/ld+json\" class=\"yoast-schema-graph\">{\"@context\":\"https:\\\/\\\/schema.org\",\"@graph\":[{\"@type\":\"Article\",\"@id\":\"https:\\\/\\\/eldiariodelaeducacion.com\\\/una-ventana-al-mundo\\\/2024\\\/11\\\/15\\\/trump-y-el-fin-del-sueno-americano\\\/#article\",\"isPartOf\":{\"@id\":\"https:\\\/\\\/eldiariodelaeducacion.com\\\/una-ventana-al-mundo\\\/2024\\\/11\\\/15\\\/trump-y-el-fin-del-sueno-americano\\\/\"},\"author\":{\"name\":\"Ll\u00facia Oliva\",\"@id\":\"https:\\\/\\\/eldiariodelaeducacion.com\\\/una-ventana-al-mundo\\\/#\\\/schema\\\/person\\\/6183fa8a996d9094f5a9f57f41ca9b35\"},\"headline\":\"Trump y el fin del sue\u00f1o americano\",\"datePublished\":\"2024-11-15T05:00:00+00:00\",\"mainEntityOfPage\":{\"@id\":\"https:\\\/\\\/eldiariodelaeducacion.com\\\/una-ventana-al-mundo\\\/2024\\\/11\\\/15\\\/trump-y-el-fin-del-sueno-americano\\\/\"},\"wordCount\":1092,\"commentCount\":0,\"image\":{\"@id\":\"https:\\\/\\\/eldiariodelaeducacion.com\\\/una-ventana-al-mundo\\\/2024\\\/11\\\/15\\\/trump-y-el-fin-del-sueno-americano\\\/#primaryimage\"},\"thumbnailUrl\":\"https:\\\/\\\/eldiariodelaeducacion.com\\\/una-ventana-al-mundo\\\/wp-content\\\/uploads\\\/sites\\\/27\\\/2024\\\/11\\\/Portada-2.jpg\",\"articleSection\":[\"Una ventana al mundo\"],\"inLanguage\":\"es\",\"potentialAction\":[{\"@type\":\"CommentAction\",\"name\":\"Comment\",\"target\":[\"https:\\\/\\\/eldiariodelaeducacion.com\\\/una-ventana-al-mundo\\\/2024\\\/11\\\/15\\\/trump-y-el-fin-del-sueno-americano\\\/#respond\"]}]},{\"@type\":\"WebPage\",\"@id\":\"https:\\\/\\\/eldiariodelaeducacion.com\\\/una-ventana-al-mundo\\\/2024\\\/11\\\/15\\\/trump-y-el-fin-del-sueno-americano\\\/\",\"url\":\"https:\\\/\\\/eldiariodelaeducacion.com\\\/una-ventana-al-mundo\\\/2024\\\/11\\\/15\\\/trump-y-el-fin-del-sueno-americano\\\/\",\"name\":\"Trump y el fin del sue\u00f1o americano - Una ventana al mundo\",\"isPartOf\":{\"@id\":\"https:\\\/\\\/eldiariodelaeducacion.com\\\/una-ventana-al-mundo\\\/#website\"},\"primaryImageOfPage\":{\"@id\":\"https:\\\/\\\/eldiariodelaeducacion.com\\\/una-ventana-al-mundo\\\/2024\\\/11\\\/15\\\/trump-y-el-fin-del-sueno-americano\\\/#primaryimage\"},\"image\":{\"@id\":\"https:\\\/\\\/eldiariodelaeducacion.com\\\/una-ventana-al-mundo\\\/2024\\\/11\\\/15\\\/trump-y-el-fin-del-sueno-americano\\\/#primaryimage\"},\"thumbnailUrl\":\"https:\\\/\\\/eldiariodelaeducacion.com\\\/una-ventana-al-mundo\\\/wp-content\\\/uploads\\\/sites\\\/27\\\/2024\\\/11\\\/Portada-2.jpg\",\"datePublished\":\"2024-11-15T05:00:00+00:00\",\"author\":{\"@id\":\"https:\\\/\\\/eldiariodelaeducacion.com\\\/una-ventana-al-mundo\\\/#\\\/schema\\\/person\\\/6183fa8a996d9094f5a9f57f41ca9b35\"},\"breadcrumb\":{\"@id\":\"https:\\\/\\\/eldiariodelaeducacion.com\\\/una-ventana-al-mundo\\\/2024\\\/11\\\/15\\\/trump-y-el-fin-del-sueno-americano\\\/#breadcrumb\"},\"inLanguage\":\"es\",\"potentialAction\":[{\"@type\":\"ReadAction\",\"target\":[\"https:\\\/\\\/eldiariodelaeducacion.com\\\/una-ventana-al-mundo\\\/2024\\\/11\\\/15\\\/trump-y-el-fin-del-sueno-americano\\\/\"]}]},{\"@type\":\"ImageObject\",\"inLanguage\":\"es\",\"@id\":\"https:\\\/\\\/eldiariodelaeducacion.com\\\/una-ventana-al-mundo\\\/2024\\\/11\\\/15\\\/trump-y-el-fin-del-sueno-americano\\\/#primaryimage\",\"url\":\"https:\\\/\\\/eldiariodelaeducacion.com\\\/una-ventana-al-mundo\\\/wp-content\\\/uploads\\\/sites\\\/27\\\/2024\\\/11\\\/Portada-2.jpg\",\"contentUrl\":\"https:\\\/\\\/eldiariodelaeducacion.com\\\/una-ventana-al-mundo\\\/wp-content\\\/uploads\\\/sites\\\/27\\\/2024\\\/11\\\/Portada-2.jpg\",\"width\":1280,\"height\":853,\"caption\":\"Donald Trump | Gage Skidm\"},{\"@type\":\"BreadcrumbList\",\"@id\":\"https:\\\/\\\/eldiariodelaeducacion.com\\\/una-ventana-al-mundo\\\/2024\\\/11\\\/15\\\/trump-y-el-fin-del-sueno-americano\\\/#breadcrumb\",\"itemListElement\":[{\"@type\":\"ListItem\",\"position\":1,\"name\":\"Portada\",\"item\":\"https:\\\/\\\/eldiariodelaeducacion.com\\\/una-ventana-al-mundo\\\/\"},{\"@type\":\"ListItem\",\"position\":2,\"name\":\"Trump y el fin del sue\u00f1o americano\"}]},{\"@type\":\"WebSite\",\"@id\":\"https:\\\/\\\/eldiariodelaeducacion.com\\\/una-ventana-al-mundo\\\/#website\",\"url\":\"https:\\\/\\\/eldiariodelaeducacion.com\\\/una-ventana-al-mundo\\\/\",\"name\":\"Una ventana al mundo\",\"description\":\"Un blog de El Diario de la Educaci\u00f3n\",\"potentialAction\":[{\"@type\":\"SearchAction\",\"target\":{\"@type\":\"EntryPoint\",\"urlTemplate\":\"https:\\\/\\\/eldiariodelaeducacion.com\\\/una-ventana-al-mundo\\\/?s={search_term_string}\"},\"query-input\":{\"@type\":\"PropertyValueSpecification\",\"valueRequired\":true,\"valueName\":\"search_term_string\"}}],\"inLanguage\":\"es\"},{\"@type\":\"Person\",\"@id\":\"https:\\\/\\\/eldiariodelaeducacion.com\\\/una-ventana-al-mundo\\\/#\\\/schema\\\/person\\\/6183fa8a996d9094f5a9f57f41ca9b35\",\"name\":\"Ll\u00facia Oliva\",\"image\":{\"@type\":\"ImageObject\",\"inLanguage\":\"es\",\"@id\":\"https:\\\/\\\/eldiariodelaeducacion.com\\\/wp-content\\\/uploads\\\/2025\\\/04\\\/llucia-oliva_avatar-96x96.jpg\",\"url\":\"https:\\\/\\\/eldiariodelaeducacion.com\\\/wp-content\\\/uploads\\\/2025\\\/04\\\/llucia-oliva_avatar-96x96.jpg\",\"contentUrl\":\"https:\\\/\\\/eldiariodelaeducacion.com\\\/wp-content\\\/uploads\\\/2025\\\/04\\\/llucia-oliva_avatar-96x96.jpg\",\"caption\":\"Ll\u00facia Oliva\"},\"description\":\"Corresponsal en Mosc\u00fa. Ha sido reportera del programa de TVE En Portada. Ha sido corresponsal de TV3 en los Estados Unidos y de TVE en la antigua Uni\u00f3n Sovi\u00e9tica y Rusia\",\"url\":\"https:\\\/\\\/eldiariodelaeducacion.com\\\/una-ventana-al-mundo\\\/author\\\/loliva\\\/\"}]}<\/script>\n<!-- \/ Yoast SEO plugin. -->","yoast_head_json":{"title":"Trump y el fin del sue\u00f1o americano - Una ventana al mundo","robots":{"index":"index","follow":"follow","max-snippet":"max-snippet:-1","max-image-preview":"max-image-preview:large","max-video-preview":"max-video-preview:-1"},"canonical":"https:\/\/eldiariodelaeducacion.com\/una-ventana-al-mundo\/2024\/11\/15\/trump-y-el-fin-del-sueno-americano\/","og_locale":"es_ES","og_type":"article","og_title":"Trump y el fin del sue\u00f1o americano - Una ventana al mundo","og_description":"El ascensor social del que los americanos estaban tan orgullosos, hace a\u00f1os que no funciona. El sue\u00f1o americano de hacerse rico si se trabaja mucho, se ha desvanecido. Estados Unidos fue el primer pa\u00eds en el que apareci\u00f3 una nueva clase: los trabajadores pobres. Son los perdedores de la globalizaci\u00f3n que, en masa, han apostado por Trump.","og_url":"https:\/\/eldiariodelaeducacion.com\/una-ventana-al-mundo\/2024\/11\/15\/trump-y-el-fin-del-sueno-americano\/","og_site_name":"Una ventana al mundo","article_published_time":"2024-11-15T05:00:00+00:00","og_image":[{"width":1280,"height":853,"url":"https:\/\/eldiariodelaeducacion.com\/una-ventana-al-mundo\/wp-content\/uploads\/sites\/27\/2024\/11\/Portada-2.jpg","type":"image\/jpeg"}],"author":"Ll\u00facia Oliva","twitter_card":"summary_large_image","twitter_misc":{"Escrito por":"Ll\u00facia Oliva","Tiempo de lectura":"5 minutos"},"schema":{"@context":"https:\/\/schema.org","@graph":[{"@type":"Article","@id":"https:\/\/eldiariodelaeducacion.com\/una-ventana-al-mundo\/2024\/11\/15\/trump-y-el-fin-del-sueno-americano\/#article","isPartOf":{"@id":"https:\/\/eldiariodelaeducacion.com\/una-ventana-al-mundo\/2024\/11\/15\/trump-y-el-fin-del-sueno-americano\/"},"author":{"name":"Ll\u00facia Oliva","@id":"https:\/\/eldiariodelaeducacion.com\/una-ventana-al-mundo\/#\/schema\/person\/6183fa8a996d9094f5a9f57f41ca9b35"},"headline":"Trump y el fin del sue\u00f1o americano","datePublished":"2024-11-15T05:00:00+00:00","mainEntityOfPage":{"@id":"https:\/\/eldiariodelaeducacion.com\/una-ventana-al-mundo\/2024\/11\/15\/trump-y-el-fin-del-sueno-americano\/"},"wordCount":1092,"commentCount":0,"image":{"@id":"https:\/\/eldiariodelaeducacion.com\/una-ventana-al-mundo\/2024\/11\/15\/trump-y-el-fin-del-sueno-americano\/#primaryimage"},"thumbnailUrl":"https:\/\/eldiariodelaeducacion.com\/una-ventana-al-mundo\/wp-content\/uploads\/sites\/27\/2024\/11\/Portada-2.jpg","articleSection":["Una ventana al mundo"],"inLanguage":"es","potentialAction":[{"@type":"CommentAction","name":"Comment","target":["https:\/\/eldiariodelaeducacion.com\/una-ventana-al-mundo\/2024\/11\/15\/trump-y-el-fin-del-sueno-americano\/#respond"]}]},{"@type":"WebPage","@id":"https:\/\/eldiariodelaeducacion.com\/una-ventana-al-mundo\/2024\/11\/15\/trump-y-el-fin-del-sueno-americano\/","url":"https:\/\/eldiariodelaeducacion.com\/una-ventana-al-mundo\/2024\/11\/15\/trump-y-el-fin-del-sueno-americano\/","name":"Trump y el fin del sue\u00f1o americano - Una ventana al mundo","isPartOf":{"@id":"https:\/\/eldiariodelaeducacion.com\/una-ventana-al-mundo\/#website"},"primaryImageOfPage":{"@id":"https:\/\/eldiariodelaeducacion.com\/una-ventana-al-mundo\/2024\/11\/15\/trump-y-el-fin-del-sueno-americano\/#primaryimage"},"image":{"@id":"https:\/\/eldiariodelaeducacion.com\/una-ventana-al-mundo\/2024\/11\/15\/trump-y-el-fin-del-sueno-americano\/#primaryimage"},"thumbnailUrl":"https:\/\/eldiariodelaeducacion.com\/una-ventana-al-mundo\/wp-content\/uploads\/sites\/27\/2024\/11\/Portada-2.jpg","datePublished":"2024-11-15T05:00:00+00:00","author":{"@id":"https:\/\/eldiariodelaeducacion.com\/una-ventana-al-mundo\/#\/schema\/person\/6183fa8a996d9094f5a9f57f41ca9b35"},"breadcrumb":{"@id":"https:\/\/eldiariodelaeducacion.com\/una-ventana-al-mundo\/2024\/11\/15\/trump-y-el-fin-del-sueno-americano\/#breadcrumb"},"inLanguage":"es","potentialAction":[{"@type":"ReadAction","target":["https:\/\/eldiariodelaeducacion.com\/una-ventana-al-mundo\/2024\/11\/15\/trump-y-el-fin-del-sueno-americano\/"]}]},{"@type":"ImageObject","inLanguage":"es","@id":"https:\/\/eldiariodelaeducacion.com\/una-ventana-al-mundo\/2024\/11\/15\/trump-y-el-fin-del-sueno-americano\/#primaryimage","url":"https:\/\/eldiariodelaeducacion.com\/una-ventana-al-mundo\/wp-content\/uploads\/sites\/27\/2024\/11\/Portada-2.jpg","contentUrl":"https:\/\/eldiariodelaeducacion.com\/una-ventana-al-mundo\/wp-content\/uploads\/sites\/27\/2024\/11\/Portada-2.jpg","width":1280,"height":853,"caption":"Donald Trump | Gage Skidm"},{"@type":"BreadcrumbList","@id":"https:\/\/eldiariodelaeducacion.com\/una-ventana-al-mundo\/2024\/11\/15\/trump-y-el-fin-del-sueno-americano\/#breadcrumb","itemListElement":[{"@type":"ListItem","position":1,"name":"Portada","item":"https:\/\/eldiariodelaeducacion.com\/una-ventana-al-mundo\/"},{"@type":"ListItem","position":2,"name":"Trump y el fin del sue\u00f1o americano"}]},{"@type":"WebSite","@id":"https:\/\/eldiariodelaeducacion.com\/una-ventana-al-mundo\/#website","url":"https:\/\/eldiariodelaeducacion.com\/una-ventana-al-mundo\/","name":"Una ventana al mundo","description":"Un blog de El Diario de la Educaci\u00f3n","potentialAction":[{"@type":"SearchAction","target":{"@type":"EntryPoint","urlTemplate":"https:\/\/eldiariodelaeducacion.com\/una-ventana-al-mundo\/?s={search_term_string}"},"query-input":{"@type":"PropertyValueSpecification","valueRequired":true,"valueName":"search_term_string"}}],"inLanguage":"es"},{"@type":"Person","@id":"https:\/\/eldiariodelaeducacion.com\/una-ventana-al-mundo\/#\/schema\/person\/6183fa8a996d9094f5a9f57f41ca9b35","name":"Ll\u00facia Oliva","image":{"@type":"ImageObject","inLanguage":"es","@id":"https:\/\/eldiariodelaeducacion.com\/wp-content\/uploads\/2025\/04\/llucia-oliva_avatar-96x96.jpg","url":"https:\/\/eldiariodelaeducacion.com\/wp-content\/uploads\/2025\/04\/llucia-oliva_avatar-96x96.jpg","contentUrl":"https:\/\/eldiariodelaeducacion.com\/wp-content\/uploads\/2025\/04\/llucia-oliva_avatar-96x96.jpg","caption":"Ll\u00facia Oliva"},"description":"Corresponsal en Mosc\u00fa. Ha sido reportera del programa de TVE En Portada. Ha sido corresponsal de TV3 en los Estados Unidos y de TVE en la antigua Uni\u00f3n Sovi\u00e9tica y Rusia","url":"https:\/\/eldiariodelaeducacion.com\/una-ventana-al-mundo\/author\/loliva\/"}]}},"_links":{"self":[{"href":"https:\/\/eldiariodelaeducacion.com\/una-ventana-al-mundo\/wp-json\/wp\/v2\/posts\/405","targetHints":{"allow":["GET"]}}],"collection":[{"href":"https:\/\/eldiariodelaeducacion.com\/una-ventana-al-mundo\/wp-json\/wp\/v2\/posts"}],"about":[{"href":"https:\/\/eldiariodelaeducacion.com\/una-ventana-al-mundo\/wp-json\/wp\/v2\/types\/post"}],"author":[{"embeddable":true,"href":"https:\/\/eldiariodelaeducacion.com\/una-ventana-al-mundo\/wp-json\/wp\/v2\/users\/1314"}],"replies":[{"embeddable":true,"href":"https:\/\/eldiariodelaeducacion.com\/una-ventana-al-mundo\/wp-json\/wp\/v2\/comments?post=405"}],"version-history":[{"count":1,"href":"https:\/\/eldiariodelaeducacion.com\/una-ventana-al-mundo\/wp-json\/wp\/v2\/posts\/405\/revisions"}],"predecessor-version":[{"id":407,"href":"https:\/\/eldiariodelaeducacion.com\/una-ventana-al-mundo\/wp-json\/wp\/v2\/posts\/405\/revisions\/407"}],"wp:featuredmedia":[{"embeddable":true,"href":"https:\/\/eldiariodelaeducacion.com\/una-ventana-al-mundo\/wp-json\/wp\/v2\/media\/406"}],"wp:attachment":[{"href":"https:\/\/eldiariodelaeducacion.com\/una-ventana-al-mundo\/wp-json\/wp\/v2\/media?parent=405"}],"wp:term":[{"taxonomy":"category","embeddable":true,"href":"https:\/\/eldiariodelaeducacion.com\/una-ventana-al-mundo\/wp-json\/wp\/v2\/categories?post=405"},{"taxonomy":"post_tag","embeddable":true,"href":"https:\/\/eldiariodelaeducacion.com\/una-ventana-al-mundo\/wp-json\/wp\/v2\/tags?post=405"},{"taxonomy":"tipo","embeddable":true,"href":"https:\/\/eldiariodelaeducacion.com\/una-ventana-al-mundo\/wp-json\/wp\/v2\/tipo?post=405"}],"curies":[{"name":"wp","href":"https:\/\/api.w.org\/{rel}","templated":true}]}}