{"id":417,"date":"2024-12-18T06:00:00","date_gmt":"2024-12-18T05:00:00","guid":{"rendered":"https:\/\/eldiariodelaeducacion.com\/una-ventana-al-mundo\/?p=417"},"modified":"2024-12-17T16:40:56","modified_gmt":"2024-12-17T15:40:56","slug":"guia-basica-para-entender-que-esta-pasando-en-siria","status":"publish","type":"post","link":"https:\/\/eldiariodelaeducacion.com\/una-ventana-al-mundo\/2024\/12\/18\/guia-basica-para-entender-que-esta-pasando-en-siria\/","title":{"rendered":"Gu\u00eda b\u00e1sica para entender qu\u00e9 est\u00e1 pasando en Siria"},"content":{"rendered":"\n<p>La desaparici\u00f3n del r\u00e9gimen de Assad ha dejado a sus aliados tradicionales, como Rusia, Ir\u00e1n y Hezbol\u00e1, en una situaci\u00f3n de vulnerabilidad estrat\u00e9gica. Durante a\u00f1os, estos actores fueron clave para mantener al gobierno sirio en el poder. Ahora, enfrentan el reto de replantear sus estrategias para proteger sus intereses en el territorio sirio y en el resto de Oriente Medio.<\/p>\n\n\n\n<p>Rusia, que ha invertido recursos militares y econ\u00f3micos significativos para sostener a Assad, busca ahora consolidar una posici\u00f3n de influencia sin verse arrastrada a una nueva escalada de conflicto. Mosc\u00fa ha iniciado conversaciones discretas con Turqu\u00eda y actores del Golfo P\u00e9rsico para negociar una transici\u00f3n pol\u00edtica que garantice la permanencia de sus bases militares y su presencia en el Mediterr\u00e1neo. Ir\u00e1n, por su parte, enfrenta un panorama complicado. La ca\u00edda de Assad amenaza su corredor estrat\u00e9gico hacia el L\u00edbano y su capacidad de suministro militar a Hezbol\u00e1. Teher\u00e1n ha redoblado su apoyo a milicias afines en Irak y Siria para mantener una presencia militar activa en la regi\u00f3n y contrarrestar la influencia de Estados Unidos e Israel.<\/p>\n\n\n\n<p>Hezbol\u00e1, el brazo armado m\u00e1s poderoso de Ir\u00e1n en la regi\u00f3n, enfrenta ahora una crisis existencial. Sin un r\u00e9gimen aliado en Damasco, su log\u00edstica y capacidad operativa se ven comprometidas, lo que podr\u00eda debilitar su posici\u00f3n en el L\u00edbano y en el sur de Siria, donde ha mantenido una presencia militar significativa. Mientras tanto, Turqu\u00eda ha reforzado sus operaciones en el norte de Siria, buscando consolidar una zona de seguridad que le permita contener a los kurdos y evitar un flujo masivo de refugiados hacia su territorio. Ankara tambi\u00e9n ha intensificado sus contactos diplom\u00e1ticos con Rusia e Ir\u00e1n para evitar un enfrentamiento directo y salvaguardar sus intereses estrat\u00e9gicos.<\/p>\n\n\n\n<p>Estados Unidos, aunque ha mantenido un perfil bajo tras la retirada de la mayor\u00eda de sus tropas, sigue ejerciendo presi\u00f3n diplom\u00e1tica para evitar que Rusia y Turqu\u00eda monopolicen el proceso de reconstrucci\u00f3n y transici\u00f3n pol\u00edtica. Washington tambi\u00e9n contin\u00faa apoyando a milicias kurdas en el noreste de Siria, lo que ha generado tensiones con Ankara.<\/p>\n\n\n\n<p>En este complejo escenario, Arabia Saudita y los Estados del Golfo han mostrado un renovado inter\u00e9s en participar en la reconstrucci\u00f3n de Siria, buscando influir en el futuro pol\u00edtico del pa\u00eds y limitar el alcance de Ir\u00e1n. La competencia por el control de los recursos energ\u00e9ticos y los corredores comerciales ser\u00e1 un elemento clave en las negociaciones futuras. En conjunto, estos movimientos reflejan una lucha constante por el poder y la influencia en Oriente Medio, donde las alianzas son fr\u00e1giles y los intereses a largo plazo se enfrentan a realidades cambiantes y conflictos persistentes.<\/p>\n\n\n\n<h1 class=\"wp-block-heading\"><strong>La alarmante intervenci\u00f3n militar israel\u00ed<\/strong><\/h1>\n\n\n\n<p>Ante el vac\u00edo de poder, Israel intensific\u00f3 sus operaciones militares en Siria para evitar que arsenales estrat\u00e9gicos cayeran en manos de grupos extremistas. En pocos d\u00edas, las fuerzas israel\u00edes llevaron a cabo m\u00e1s de 350 ataques a\u00e9reos, destruyendo sistemas antia\u00e9reos, aer\u00f3dromos militares y almacenes de armas. El primer ministro israel\u00ed, Benjamin Netanyahu, justific\u00f3 estas acciones como necesarias para garantizar la seguridad nacional.<\/p>\n\n\n\n<p>Sin embargo, estas operaciones han sido objeto de duras cr\u00edticas por parte de organizaciones internacionales y gobiernos extranjeros, que acusan a Israel de violar el derecho internacional y agravar la crisis humanitaria en la regi\u00f3n. Los ataques indiscriminados sobre infraestructura clave han dejado a miles de civiles en condiciones desesperadas, mientras que los informes de v\u00edctimas civiles han suscitado preocupaciones sobre posibles cr\u00edmenes de guerra.<\/p>\n\n\n\n<p>Adem\u00e1s, el contexto pol\u00edtico de Israel no puede ignorarse. Benjamin Netanyahu enfrenta una orden de detenci\u00f3n internacional emitida por el Tribunal Penal Internacional (TPI), vinculada a presuntos cr\u00edmenes de guerra en los territorios palestinos ocupados. La continuidad de sus pol\u00edticas agresivas en Siria es vista por muchos analistas como un intento de desviar la atenci\u00f3n de sus problemas legales internos y consolidar su imagen de liderazgo fuerte ante sus bases pol\u00edticas m\u00e1s conservadoras.<\/p>\n\n\n\n<h1 class=\"wp-block-heading\"><strong>La intervenci\u00f3n internacional y la retirada rusa<\/strong><\/h1>\n\n\n\n<p>La intervenci\u00f3n rusa en Siria, un pilar del sostenimiento del r\u00e9gimen de Assad, tambi\u00e9n se ve afectada. El presidente Vladimir Putin solicit\u00f3 asistencia a Turqu\u00eda para asegurar la retirada ordenada de tropas y equipos militares. Esto pone de manifiesto la complejidad del tablero geopol\u00edtico y la necesidad de replantear alianzas en un contexto cada vez m\u00e1s incierto.<\/p>\n\n\n\n<p>En paralelo, varias naciones europeas han expresado su preocupaci\u00f3n por la posible dispersi\u00f3n de combatientes extremistas hacia el continente, lo que ha llevado a reforzar los controles fronterizos y a convocar reuniones de emergencia en la OTAN. Estados Unidos, por su parte, ha intensificado sus labores de inteligencia y operaciones encubiertas para garantizar la estabilidad regional.<\/p>\n\n\n\n<h1 class=\"wp-block-heading\"><strong>Perspectivas futuras<\/strong><\/h1>\n\n\n\n<p>La ca\u00edda del r\u00e9gimen ha intensificado la crisis humanitaria. Miles de personas han sido desplazadas y las comunidades que antes apoyaban a Assad, como las de Saida Zeinab en el sur de Damasco, temen represalias por parte de facciones rivales. El temor a un ajuste de cuentas y la falta de un gobierno estable han generado un clima de incertidumbre que se extiende por todo el pa\u00eds. Organizaciones internacionales de ayuda humanitaria han solicitado un acceso seguro y sin restricciones para entregar suministros b\u00e1sicos a las zonas afectadas. Sin embargo, la falta de seguridad y el control fragmentado del territorio han dificultado estas operaciones, agravando a\u00fan m\u00e1s la situaci\u00f3n de los civiles.<\/p>\n\n\n\n<p>Con la formaci\u00f3n de un gobierno de transici\u00f3n liderado por Mohammed al-Bashir, Siria se enfrenta al enorme desaf\u00edo de reconstruir su infraestructura y estabilizar su pol\u00edtica interna. La comunidad internacional sigue de cerca estos desarrollos, consciente de que cualquier error podr\u00eda reavivar el conflicto y generar a\u00fan m\u00e1s inestabilidad en una regi\u00f3n hist\u00f3ricamente vol\u00e1til.<\/p>\n","protected":false},"excerpt":{"rendered":"<p>La reciente ca\u00edda del r\u00e9gimen de Bashar al-Assad en Siria ha generado un escenario complejo y cambiante en Oriente Medio, con implicaciones tanto para actores locales como para potencias internacionales involucradas en la regi\u00f3n. El colapso del gobierno sirio ha dado lugar a una reconfiguraci\u00f3n de alianzas y ha intensificado las tensiones geopol\u00edticas.<\/p>\n","protected":false},"author":1341,"featured_media":418,"comment_status":"open","ping_status":"open","sticky":false,"template":"","format":"standard","meta":{"footnotes":""},"categories":[1],"tags":[],"tipo":[],"class_list":{"0":"post-417","1":"post","2":"type-post","3":"status-publish","4":"format-standard","5":"has-post-thumbnail","7":"category-sin-categoria"},"yoast_head":"<!-- This site is optimized with the Yoast SEO plugin v27.5 - https:\/\/yoast.com\/product\/yoast-seo-wordpress\/ -->\n<title>Gu\u00eda b\u00e1sica para entender qu\u00e9 est\u00e1 pasando en Siria - Una ventana al mundo<\/title>\n<meta name=\"robots\" content=\"index, follow, max-snippet:-1, max-image-preview:large, max-video-preview:-1\" \/>\n<link rel=\"canonical\" href=\"https:\/\/eldiariodelaeducacion.com\/una-ventana-al-mundo\/2024\/12\/18\/guia-basica-para-entender-que-esta-pasando-en-siria\/\" \/>\n<meta property=\"og:locale\" content=\"es_ES\" \/>\n<meta property=\"og:type\" content=\"article\" \/>\n<meta property=\"og:title\" content=\"Gu\u00eda b\u00e1sica para entender qu\u00e9 est\u00e1 pasando en Siria - Una ventana al mundo\" \/>\n<meta property=\"og:description\" content=\"La reciente ca\u00edda del r\u00e9gimen de Bashar al-Assad en Siria ha generado un escenario complejo y cambiante en Oriente Medio, con implicaciones tanto para actores locales como para potencias internacionales involucradas en la regi\u00f3n. El colapso del gobierno sirio ha dado lugar a una reconfiguraci\u00f3n de alianzas y ha intensificado las tensiones geopol\u00edticas.\" \/>\n<meta property=\"og:url\" content=\"https:\/\/eldiariodelaeducacion.com\/una-ventana-al-mundo\/2024\/12\/18\/guia-basica-para-entender-que-esta-pasando-en-siria\/\" \/>\n<meta property=\"og:site_name\" content=\"Una ventana al mundo\" \/>\n<meta property=\"article:published_time\" content=\"2024-12-18T05:00:00+00:00\" \/>\n<meta property=\"og:image\" content=\"https:\/\/eldiariodelaeducacion.com\/una-ventana-al-mundo\/wp-content\/uploads\/sites\/27\/2024\/12\/pexels-ali-wannous-167142549-10932618-scaled.jpg\" \/>\n\t<meta property=\"og:image:width\" content=\"2560\" \/>\n\t<meta property=\"og:image:height\" content=\"1440\" \/>\n\t<meta property=\"og:image:type\" content=\"image\/jpeg\" \/>\n<meta name=\"author\" content=\"Guillem Pujol\" \/>\n<meta name=\"twitter:card\" content=\"summary_large_image\" \/>\n<meta name=\"twitter:label1\" content=\"Escrito por\" \/>\n\t<meta name=\"twitter:data1\" content=\"Guillem Pujol\" \/>\n\t<meta name=\"twitter:label2\" content=\"Tiempo de lectura\" \/>\n\t<meta name=\"twitter:data2\" content=\"5 minutos\" \/>\n<script type=\"application\/ld+json\" class=\"yoast-schema-graph\">{\"@context\":\"https:\\\/\\\/schema.org\",\"@graph\":[{\"@type\":\"Article\",\"@id\":\"https:\\\/\\\/eldiariodelaeducacion.com\\\/una-ventana-al-mundo\\\/2024\\\/12\\\/18\\\/guia-basica-para-entender-que-esta-pasando-en-siria\\\/#article\",\"isPartOf\":{\"@id\":\"https:\\\/\\\/eldiariodelaeducacion.com\\\/una-ventana-al-mundo\\\/2024\\\/12\\\/18\\\/guia-basica-para-entender-que-esta-pasando-en-siria\\\/\"},\"author\":{\"name\":\"Guillem Pujol\",\"@id\":\"https:\\\/\\\/eldiariodelaeducacion.com\\\/una-ventana-al-mundo\\\/#\\\/schema\\\/person\\\/219e2dc338f2970e01d6cc1b8acce067\"},\"headline\":\"Gu\u00eda b\u00e1sica para entender qu\u00e9 est\u00e1 pasando en Siria\",\"datePublished\":\"2024-12-18T05:00:00+00:00\",\"mainEntityOfPage\":{\"@id\":\"https:\\\/\\\/eldiariodelaeducacion.com\\\/una-ventana-al-mundo\\\/2024\\\/12\\\/18\\\/guia-basica-para-entender-que-esta-pasando-en-siria\\\/\"},\"wordCount\":1031,\"commentCount\":0,\"image\":{\"@id\":\"https:\\\/\\\/eldiariodelaeducacion.com\\\/una-ventana-al-mundo\\\/2024\\\/12\\\/18\\\/guia-basica-para-entender-que-esta-pasando-en-siria\\\/#primaryimage\"},\"thumbnailUrl\":\"https:\\\/\\\/eldiariodelaeducacion.com\\\/una-ventana-al-mundo\\\/wp-content\\\/uploads\\\/sites\\\/27\\\/2024\\\/12\\\/pexels-ali-wannous-167142549-10932618-scaled.jpg\",\"inLanguage\":\"es\",\"potentialAction\":[{\"@type\":\"CommentAction\",\"name\":\"Comment\",\"target\":[\"https:\\\/\\\/eldiariodelaeducacion.com\\\/una-ventana-al-mundo\\\/2024\\\/12\\\/18\\\/guia-basica-para-entender-que-esta-pasando-en-siria\\\/#respond\"]}]},{\"@type\":\"WebPage\",\"@id\":\"https:\\\/\\\/eldiariodelaeducacion.com\\\/una-ventana-al-mundo\\\/2024\\\/12\\\/18\\\/guia-basica-para-entender-que-esta-pasando-en-siria\\\/\",\"url\":\"https:\\\/\\\/eldiariodelaeducacion.com\\\/una-ventana-al-mundo\\\/2024\\\/12\\\/18\\\/guia-basica-para-entender-que-esta-pasando-en-siria\\\/\",\"name\":\"Gu\u00eda b\u00e1sica para entender qu\u00e9 est\u00e1 pasando en Siria - Una ventana al mundo\",\"isPartOf\":{\"@id\":\"https:\\\/\\\/eldiariodelaeducacion.com\\\/una-ventana-al-mundo\\\/#website\"},\"primaryImageOfPage\":{\"@id\":\"https:\\\/\\\/eldiariodelaeducacion.com\\\/una-ventana-al-mundo\\\/2024\\\/12\\\/18\\\/guia-basica-para-entender-que-esta-pasando-en-siria\\\/#primaryimage\"},\"image\":{\"@id\":\"https:\\\/\\\/eldiariodelaeducacion.com\\\/una-ventana-al-mundo\\\/2024\\\/12\\\/18\\\/guia-basica-para-entender-que-esta-pasando-en-siria\\\/#primaryimage\"},\"thumbnailUrl\":\"https:\\\/\\\/eldiariodelaeducacion.com\\\/una-ventana-al-mundo\\\/wp-content\\\/uploads\\\/sites\\\/27\\\/2024\\\/12\\\/pexels-ali-wannous-167142549-10932618-scaled.jpg\",\"datePublished\":\"2024-12-18T05:00:00+00:00\",\"author\":{\"@id\":\"https:\\\/\\\/eldiariodelaeducacion.com\\\/una-ventana-al-mundo\\\/#\\\/schema\\\/person\\\/219e2dc338f2970e01d6cc1b8acce067\"},\"breadcrumb\":{\"@id\":\"https:\\\/\\\/eldiariodelaeducacion.com\\\/una-ventana-al-mundo\\\/2024\\\/12\\\/18\\\/guia-basica-para-entender-que-esta-pasando-en-siria\\\/#breadcrumb\"},\"inLanguage\":\"es\",\"potentialAction\":[{\"@type\":\"ReadAction\",\"target\":[\"https:\\\/\\\/eldiariodelaeducacion.com\\\/una-ventana-al-mundo\\\/2024\\\/12\\\/18\\\/guia-basica-para-entender-que-esta-pasando-en-siria\\\/\"]}]},{\"@type\":\"ImageObject\",\"inLanguage\":\"es\",\"@id\":\"https:\\\/\\\/eldiariodelaeducacion.com\\\/una-ventana-al-mundo\\\/2024\\\/12\\\/18\\\/guia-basica-para-entender-que-esta-pasando-en-siria\\\/#primaryimage\",\"url\":\"https:\\\/\\\/eldiariodelaeducacion.com\\\/una-ventana-al-mundo\\\/wp-content\\\/uploads\\\/sites\\\/27\\\/2024\\\/12\\\/pexels-ali-wannous-167142549-10932618-scaled.jpg\",\"contentUrl\":\"https:\\\/\\\/eldiariodelaeducacion.com\\\/una-ventana-al-mundo\\\/wp-content\\\/uploads\\\/sites\\\/27\\\/2024\\\/12\\\/pexels-ali-wannous-167142549-10932618-scaled.jpg\",\"width\":2560,\"height\":1440,\"caption\":\"Imagen de archivo de la ciudad de Homs, Siria. 2020. Foto: Pexels\"},{\"@type\":\"BreadcrumbList\",\"@id\":\"https:\\\/\\\/eldiariodelaeducacion.com\\\/una-ventana-al-mundo\\\/2024\\\/12\\\/18\\\/guia-basica-para-entender-que-esta-pasando-en-siria\\\/#breadcrumb\",\"itemListElement\":[{\"@type\":\"ListItem\",\"position\":1,\"name\":\"Portada\",\"item\":\"https:\\\/\\\/eldiariodelaeducacion.com\\\/una-ventana-al-mundo\\\/\"},{\"@type\":\"ListItem\",\"position\":2,\"name\":\"Gu\u00eda b\u00e1sica para entender qu\u00e9 est\u00e1 pasando en Siria\"}]},{\"@type\":\"WebSite\",\"@id\":\"https:\\\/\\\/eldiariodelaeducacion.com\\\/una-ventana-al-mundo\\\/#website\",\"url\":\"https:\\\/\\\/eldiariodelaeducacion.com\\\/una-ventana-al-mundo\\\/\",\"name\":\"Una ventana al mundo\",\"description\":\"Un blog de El Diario de la Educaci\u00f3n\",\"potentialAction\":[{\"@type\":\"SearchAction\",\"target\":{\"@type\":\"EntryPoint\",\"urlTemplate\":\"https:\\\/\\\/eldiariodelaeducacion.com\\\/una-ventana-al-mundo\\\/?s={search_term_string}\"},\"query-input\":{\"@type\":\"PropertyValueSpecification\",\"valueRequired\":true,\"valueName\":\"search_term_string\"}}],\"inLanguage\":\"es\"},{\"@type\":\"Person\",\"@id\":\"https:\\\/\\\/eldiariodelaeducacion.com\\\/una-ventana-al-mundo\\\/#\\\/schema\\\/person\\\/219e2dc338f2970e01d6cc1b8acce067\",\"name\":\"Guillem Pujol\",\"image\":{\"@type\":\"ImageObject\",\"inLanguage\":\"es\",\"@id\":\"https:\\\/\\\/eldiariodelaeducacion.com\\\/una-ventana-al-mundo\\\/wp-content\\\/uploads\\\/sites\\\/27\\\/2024\\\/12\\\/guillempujol_avatar-96x96.jpg\",\"url\":\"https:\\\/\\\/eldiariodelaeducacion.com\\\/una-ventana-al-mundo\\\/wp-content\\\/uploads\\\/sites\\\/27\\\/2024\\\/12\\\/guillempujol_avatar-96x96.jpg\",\"contentUrl\":\"https:\\\/\\\/eldiariodelaeducacion.com\\\/una-ventana-al-mundo\\\/wp-content\\\/uploads\\\/sites\\\/27\\\/2024\\\/12\\\/guillempujol_avatar-96x96.jpg\",\"caption\":\"Guillem Pujol\"},\"description\":\"Llicenciado en Ciencias Pol\u00edticas (UPF), MSc en European Politics and Policies en la University of London, Birkbeck College y Doctor en Filosofia con menci\u00f3n Cum Laude (UAB). Co-autor del libro \\\"Cartha on Making Heimat\\\" (Ed. Park Books).\",\"url\":\"https:\\\/\\\/eldiariodelaeducacion.com\\\/una-ventana-al-mundo\\\/author\\\/guillempujol\\\/\"}]}<\/script>\n<!-- \/ Yoast SEO plugin. -->","yoast_head_json":{"title":"Gu\u00eda b\u00e1sica para entender qu\u00e9 est\u00e1 pasando en Siria - Una ventana al mundo","robots":{"index":"index","follow":"follow","max-snippet":"max-snippet:-1","max-image-preview":"max-image-preview:large","max-video-preview":"max-video-preview:-1"},"canonical":"https:\/\/eldiariodelaeducacion.com\/una-ventana-al-mundo\/2024\/12\/18\/guia-basica-para-entender-que-esta-pasando-en-siria\/","og_locale":"es_ES","og_type":"article","og_title":"Gu\u00eda b\u00e1sica para entender qu\u00e9 est\u00e1 pasando en Siria - Una ventana al mundo","og_description":"La reciente ca\u00edda del r\u00e9gimen de Bashar al-Assad en Siria ha generado un escenario complejo y cambiante en Oriente Medio, con implicaciones tanto para actores locales como para potencias internacionales involucradas en la regi\u00f3n. El colapso del gobierno sirio ha dado lugar a una reconfiguraci\u00f3n de alianzas y ha intensificado las tensiones geopol\u00edticas.","og_url":"https:\/\/eldiariodelaeducacion.com\/una-ventana-al-mundo\/2024\/12\/18\/guia-basica-para-entender-que-esta-pasando-en-siria\/","og_site_name":"Una ventana al mundo","article_published_time":"2024-12-18T05:00:00+00:00","og_image":[{"width":2560,"height":1440,"url":"https:\/\/eldiariodelaeducacion.com\/una-ventana-al-mundo\/wp-content\/uploads\/sites\/27\/2024\/12\/pexels-ali-wannous-167142549-10932618-scaled.jpg","type":"image\/jpeg"}],"author":"Guillem Pujol","twitter_card":"summary_large_image","twitter_misc":{"Escrito por":"Guillem Pujol","Tiempo de lectura":"5 minutos"},"schema":{"@context":"https:\/\/schema.org","@graph":[{"@type":"Article","@id":"https:\/\/eldiariodelaeducacion.com\/una-ventana-al-mundo\/2024\/12\/18\/guia-basica-para-entender-que-esta-pasando-en-siria\/#article","isPartOf":{"@id":"https:\/\/eldiariodelaeducacion.com\/una-ventana-al-mundo\/2024\/12\/18\/guia-basica-para-entender-que-esta-pasando-en-siria\/"},"author":{"name":"Guillem Pujol","@id":"https:\/\/eldiariodelaeducacion.com\/una-ventana-al-mundo\/#\/schema\/person\/219e2dc338f2970e01d6cc1b8acce067"},"headline":"Gu\u00eda b\u00e1sica para entender qu\u00e9 est\u00e1 pasando en Siria","datePublished":"2024-12-18T05:00:00+00:00","mainEntityOfPage":{"@id":"https:\/\/eldiariodelaeducacion.com\/una-ventana-al-mundo\/2024\/12\/18\/guia-basica-para-entender-que-esta-pasando-en-siria\/"},"wordCount":1031,"commentCount":0,"image":{"@id":"https:\/\/eldiariodelaeducacion.com\/una-ventana-al-mundo\/2024\/12\/18\/guia-basica-para-entender-que-esta-pasando-en-siria\/#primaryimage"},"thumbnailUrl":"https:\/\/eldiariodelaeducacion.com\/una-ventana-al-mundo\/wp-content\/uploads\/sites\/27\/2024\/12\/pexels-ali-wannous-167142549-10932618-scaled.jpg","inLanguage":"es","potentialAction":[{"@type":"CommentAction","name":"Comment","target":["https:\/\/eldiariodelaeducacion.com\/una-ventana-al-mundo\/2024\/12\/18\/guia-basica-para-entender-que-esta-pasando-en-siria\/#respond"]}]},{"@type":"WebPage","@id":"https:\/\/eldiariodelaeducacion.com\/una-ventana-al-mundo\/2024\/12\/18\/guia-basica-para-entender-que-esta-pasando-en-siria\/","url":"https:\/\/eldiariodelaeducacion.com\/una-ventana-al-mundo\/2024\/12\/18\/guia-basica-para-entender-que-esta-pasando-en-siria\/","name":"Gu\u00eda b\u00e1sica para entender qu\u00e9 est\u00e1 pasando en Siria - Una ventana al mundo","isPartOf":{"@id":"https:\/\/eldiariodelaeducacion.com\/una-ventana-al-mundo\/#website"},"primaryImageOfPage":{"@id":"https:\/\/eldiariodelaeducacion.com\/una-ventana-al-mundo\/2024\/12\/18\/guia-basica-para-entender-que-esta-pasando-en-siria\/#primaryimage"},"image":{"@id":"https:\/\/eldiariodelaeducacion.com\/una-ventana-al-mundo\/2024\/12\/18\/guia-basica-para-entender-que-esta-pasando-en-siria\/#primaryimage"},"thumbnailUrl":"https:\/\/eldiariodelaeducacion.com\/una-ventana-al-mundo\/wp-content\/uploads\/sites\/27\/2024\/12\/pexels-ali-wannous-167142549-10932618-scaled.jpg","datePublished":"2024-12-18T05:00:00+00:00","author":{"@id":"https:\/\/eldiariodelaeducacion.com\/una-ventana-al-mundo\/#\/schema\/person\/219e2dc338f2970e01d6cc1b8acce067"},"breadcrumb":{"@id":"https:\/\/eldiariodelaeducacion.com\/una-ventana-al-mundo\/2024\/12\/18\/guia-basica-para-entender-que-esta-pasando-en-siria\/#breadcrumb"},"inLanguage":"es","potentialAction":[{"@type":"ReadAction","target":["https:\/\/eldiariodelaeducacion.com\/una-ventana-al-mundo\/2024\/12\/18\/guia-basica-para-entender-que-esta-pasando-en-siria\/"]}]},{"@type":"ImageObject","inLanguage":"es","@id":"https:\/\/eldiariodelaeducacion.com\/una-ventana-al-mundo\/2024\/12\/18\/guia-basica-para-entender-que-esta-pasando-en-siria\/#primaryimage","url":"https:\/\/eldiariodelaeducacion.com\/una-ventana-al-mundo\/wp-content\/uploads\/sites\/27\/2024\/12\/pexels-ali-wannous-167142549-10932618-scaled.jpg","contentUrl":"https:\/\/eldiariodelaeducacion.com\/una-ventana-al-mundo\/wp-content\/uploads\/sites\/27\/2024\/12\/pexels-ali-wannous-167142549-10932618-scaled.jpg","width":2560,"height":1440,"caption":"Imagen de archivo de la ciudad de Homs, Siria. 2020. Foto: Pexels"},{"@type":"BreadcrumbList","@id":"https:\/\/eldiariodelaeducacion.com\/una-ventana-al-mundo\/2024\/12\/18\/guia-basica-para-entender-que-esta-pasando-en-siria\/#breadcrumb","itemListElement":[{"@type":"ListItem","position":1,"name":"Portada","item":"https:\/\/eldiariodelaeducacion.com\/una-ventana-al-mundo\/"},{"@type":"ListItem","position":2,"name":"Gu\u00eda b\u00e1sica para entender qu\u00e9 est\u00e1 pasando en Siria"}]},{"@type":"WebSite","@id":"https:\/\/eldiariodelaeducacion.com\/una-ventana-al-mundo\/#website","url":"https:\/\/eldiariodelaeducacion.com\/una-ventana-al-mundo\/","name":"Una ventana al mundo","description":"Un blog de El Diario de la Educaci\u00f3n","potentialAction":[{"@type":"SearchAction","target":{"@type":"EntryPoint","urlTemplate":"https:\/\/eldiariodelaeducacion.com\/una-ventana-al-mundo\/?s={search_term_string}"},"query-input":{"@type":"PropertyValueSpecification","valueRequired":true,"valueName":"search_term_string"}}],"inLanguage":"es"},{"@type":"Person","@id":"https:\/\/eldiariodelaeducacion.com\/una-ventana-al-mundo\/#\/schema\/person\/219e2dc338f2970e01d6cc1b8acce067","name":"Guillem Pujol","image":{"@type":"ImageObject","inLanguage":"es","@id":"https:\/\/eldiariodelaeducacion.com\/una-ventana-al-mundo\/wp-content\/uploads\/sites\/27\/2024\/12\/guillempujol_avatar-96x96.jpg","url":"https:\/\/eldiariodelaeducacion.com\/una-ventana-al-mundo\/wp-content\/uploads\/sites\/27\/2024\/12\/guillempujol_avatar-96x96.jpg","contentUrl":"https:\/\/eldiariodelaeducacion.com\/una-ventana-al-mundo\/wp-content\/uploads\/sites\/27\/2024\/12\/guillempujol_avatar-96x96.jpg","caption":"Guillem Pujol"},"description":"Llicenciado en Ciencias Pol\u00edticas (UPF), MSc en European Politics and Policies en la University of London, Birkbeck College y Doctor en Filosofia con menci\u00f3n Cum Laude (UAB). Co-autor del libro \"Cartha on Making Heimat\" (Ed. Park Books).","url":"https:\/\/eldiariodelaeducacion.com\/una-ventana-al-mundo\/author\/guillempujol\/"}]}},"_links":{"self":[{"href":"https:\/\/eldiariodelaeducacion.com\/una-ventana-al-mundo\/wp-json\/wp\/v2\/posts\/417","targetHints":{"allow":["GET"]}}],"collection":[{"href":"https:\/\/eldiariodelaeducacion.com\/una-ventana-al-mundo\/wp-json\/wp\/v2\/posts"}],"about":[{"href":"https:\/\/eldiariodelaeducacion.com\/una-ventana-al-mundo\/wp-json\/wp\/v2\/types\/post"}],"author":[{"embeddable":true,"href":"https:\/\/eldiariodelaeducacion.com\/una-ventana-al-mundo\/wp-json\/wp\/v2\/users\/1341"}],"replies":[{"embeddable":true,"href":"https:\/\/eldiariodelaeducacion.com\/una-ventana-al-mundo\/wp-json\/wp\/v2\/comments?post=417"}],"version-history":[{"count":2,"href":"https:\/\/eldiariodelaeducacion.com\/una-ventana-al-mundo\/wp-json\/wp\/v2\/posts\/417\/revisions"}],"predecessor-version":[{"id":420,"href":"https:\/\/eldiariodelaeducacion.com\/una-ventana-al-mundo\/wp-json\/wp\/v2\/posts\/417\/revisions\/420"}],"wp:featuredmedia":[{"embeddable":true,"href":"https:\/\/eldiariodelaeducacion.com\/una-ventana-al-mundo\/wp-json\/wp\/v2\/media\/418"}],"wp:attachment":[{"href":"https:\/\/eldiariodelaeducacion.com\/una-ventana-al-mundo\/wp-json\/wp\/v2\/media?parent=417"}],"wp:term":[{"taxonomy":"category","embeddable":true,"href":"https:\/\/eldiariodelaeducacion.com\/una-ventana-al-mundo\/wp-json\/wp\/v2\/categories?post=417"},{"taxonomy":"post_tag","embeddable":true,"href":"https:\/\/eldiariodelaeducacion.com\/una-ventana-al-mundo\/wp-json\/wp\/v2\/tags?post=417"},{"taxonomy":"tipo","embeddable":true,"href":"https:\/\/eldiariodelaeducacion.com\/una-ventana-al-mundo\/wp-json\/wp\/v2\/tipo?post=417"}],"curies":[{"name":"wp","href":"https:\/\/api.w.org\/{rel}","templated":true}]}}