{"id":507,"date":"2025-12-12T04:03:00","date_gmt":"2025-12-12T03:03:00","guid":{"rendered":"https:\/\/eldiariodelaeducacion.com\/una-ventana-al-mundo\/?p=507"},"modified":"2026-01-20T16:00:10","modified_gmt":"2026-01-20T15:00:10","slug":"mas-de-200-millones-de-ninos-y-ninas-necesitaran-ayuda-urgente-en-2026","status":"publish","type":"post","link":"https:\/\/eldiariodelaeducacion.com\/una-ventana-al-mundo\/2025\/12\/12\/mas-de-200-millones-de-ninos-y-ninas-necesitaran-ayuda-urgente-en-2026\/","title":{"rendered":"M\u00e1s de 200 millones de ni\u00f1os y ni\u00f1as necesitar\u00e1n ayuda urgente en 2026"},"content":{"rendered":"\n<p>La infancia atraviesa uno de los momentos m\u00e1s cr\u00edticos de las \u00faltimas d\u00e9cadas. As\u00ed lo advierte el informe <em>Humanitarian Action for Children 2026<\/em> de UNICEF, que describe un escenario global marcado por conflictos prolongados, desplazamientos masivos, sistemas b\u00e1sicos devastados, crisis clim\u00e1ticas intensificadas y un desplome hist\u00f3rico del financiamiento humanitario. M\u00e1s de <strong>200 millones de ni\u00f1os y ni\u00f1as<\/strong> necesitar\u00e1n ayuda urgente en 2026, distribuidos en <strong>133 pa\u00edses y territorios<\/strong>.<\/p>\n\n\n\n<p>Esta radiograf\u00eda del sufrimiento infantil no se limita a se\u00f1alar carencias: muestra un deterioro acelerado de indicadores que antes permit\u00edan prever cierta estabilidad. El a\u00f1o 2024 registr\u00f3 el <strong>mayor n\u00famero de violaciones graves contra ni\u00f1os<\/strong> desde que existen registros; escuelas y hospitales contin\u00faan siendo atacados; y millones de familias, especialmente en contextos de conflicto armado, se ven privadas del acceso a alimentos, agua potable y servicios esenciales como salud y educaci\u00f3n.<\/p>\n\n\n\n<figure class=\"wp-block-embed is-type-wp-embed is-provider-el-diario-de-la-educaci-n wp-block-embed-el-diario-de-la-educaci-n\"><div class=\"wp-block-embed__wrapper\">\n<blockquote class=\"wp-embedded-content\" data-secret=\"EI9arbx10F\"><a href=\"https:\/\/eldiariodelaeducacion.com\/2024\/04\/11\/el-patriarcado-la-violencia-y-la-tradicion-marcan-la-vida-de-miles-de-ninas-en-mali\/\">El patriarcado, la violencia y la tradici\u00f3n marcan la vida de miles de ni\u00f1as en Mali<\/a><\/blockquote><iframe class=\"wp-embedded-content\" sandbox=\"allow-scripts\" security=\"restricted\" style=\"position: absolute; visibility: hidden;\" title=\"\u00abEl patriarcado, la violencia y la tradici\u00f3n marcan la vida de miles de ni\u00f1as en Mali\u00bb \u2014 El Diario de la Educaci\u00f3n\" src=\"https:\/\/eldiariodelaeducacion.com\/2024\/04\/11\/el-patriarcado-la-violencia-y-la-tradicion-marcan-la-vida-de-miles-de-ninas-en-mali\/embed\/#?secret=IkEzLkvrb6#?secret=EI9arbx10F\" data-secret=\"EI9arbx10F\" width=\"600\" height=\"338\" frameborder=\"0\" marginwidth=\"0\" marginheight=\"0\" scrolling=\"no\"><\/iframe>\n<\/div><\/figure>\n\n\n\n<p>El informe de UNICEF subraya tres grandes tendencias que convergen y agravan la situaci\u00f3n. La primera es el avance de los conflictos de enorme intensidad y duraci\u00f3n, como los de Gaza, Sud\u00e1n y Ucrania. Por otra parte, el aumento <strong>de los desastres clim\u00e1ticos y el empeoramiento de fen\u00f3menos ya existentes<\/strong>, como la sequ\u00eda en el Sahel o los terremotos en Asia. Finalmente, est\u00e1 la <strong>ca\u00edda dr\u00e1stica de los fondos humanitarios <\/strong><strong>tras la llegda de Trump a la Casa Blanca y la eliminaci\u00f3n de su agencia de cooperaci\u00f3n (USAID) y el recorte dr\u00e1stico de su apoyo econ\u00f3mico a Naciones Unidas. Unos recortes que obligan <\/strong>incluso a UNICEF a reducir programas, espaciar servicios o priorizar a unos territorios sobre otros.<\/p>\n\n\n\n<h2 class=\"wp-block-heading\"><strong>La educaci\u00f3n, en riesgo cr\u00edtico: millones de ni\u00f1<\/strong><strong>as y ni\u00f1o<\/strong><strong>s sin acceso<\/strong><\/h2>\n\n\n\n<p>La educaci\u00f3n en emergencias se ha convertido en uno de los sectores m\u00e1s afectados por la reducci\u00f3n de fondos. UNICEF advierte que un recorte global de <strong>3.200 millones de d\u00f3lares en ayuda educativa<\/strong> podr\u00eda dejar fuera de la escuela a <strong>6 millones de ni\u00f1<\/strong><strong>as y ni\u00f1o<\/strong><strong>s adicionales para 2026<\/strong>, la mayor\u00eda en contextos humanitarios.<\/p>\n\n\n\n<p>Las consecuencias ya se observan, aseguran. En los campamentos rohingya en Bangladesh, por ejemplo, la agencia para la infancia de la ONU \u2014responsable del 83 % de los centros educativos\u2014 solo pudo abrir el <strong>17 % <\/strong>hasta junio de 2025 por falta de recursos.<\/p>\n\n\n\n<p>Adem\u00e1s, las clases de secundaria fueron priorizadas para evitar riesgos como reclutamiento armado, matrimonio infantil o trabajo forzoso. A esto se suma que la educaci\u00f3n inicial estuvo cerrada durante meses por la falta de fondos.<\/p>\n\n\n\n<p>El mensaje es claro: <strong>sin educaci\u00f3n, no existe recuperaci\u00f3n posible<\/strong> para una comunidad afectada por una emergencia.<\/p>\n\n\n\n<h2 class=\"wp-block-heading\"><strong>Financiaci\u00f3n en ca\u00edda libre: un sistema humanitario al l\u00edmite<\/strong><\/h2>\n\n\n\n<p>El documento denuncia que UNICEF se ha visto obligada a tomar \u201c<strong>decisiones imposibles<\/strong>\u201d: reducir la frecuencia de servicios, recortar programas o priorizar regiones en detrimento de otras. La raz\u00f3n es directa. Seg\u00fan sus datos, el llamamiento humanitario en 2025 requer\u00eda 9.710 millones de d\u00f3lares, de los que se consiguieron solo el 42 % hasta el mes de octubre.<\/p>\n\n\n\n<p>Para el pr\u00f3ximo a\u00f1o, UNICEF solicita 7.660 millones, menos que el a\u00f1o pasado, a pesar de que las necesidades han aumentado y lo seguir\u00e1n haciendo. Adem\u00e1s, las contribuciones de emergencia para 2026 se estiman en 1.430 millones, menos de la mitad de lo que se recaud\u00f3 en 2023.<\/p>\n\n\n\n<p>Los pa\u00edses m\u00e1s medi\u00e1ticos (Afganist\u00e1n, Palestina, Sud\u00e1n, Ucrania) concentran el 47 % de los fondos, mientras que crisis igualmente graves pero menos visibles \u2014como las del Sahel, Rep\u00fablica Democr\u00e1tica del Congo o Myanmar\u2014 quedan sistem\u00e1ticamente olvidadas.<\/p>\n\n\n\n<p>Ante el panorama, UNICEF ha iniciado un proceso de reforma al que llama <strong>Humanitarian Reset<\/strong>, destinado a simplificar los mecanismos de coordinaci\u00f3n, dar m\u00e1s poder y recursos a actores locales, mejorar las cadenas de suministro y priorizar intervenciones de mayor impacto.<\/p>\n\n\n\n<p>Pero el organismo advierte de que, sin <strong>financiaci\u00f3n flexible, multianual y previsible<\/strong>, estos esfuerzos no ser\u00e1n suficientes para salvar vidas ni para garantizar derechos b\u00e1sicos.<\/p>\n\n\n\n<h2 class=\"wp-block-heading\"><strong>Gaza: una infancia marcada por el hambre y la devastaci\u00f3n total<\/strong><\/h2>\n\n\n\n<p>UNICEF describe la situaci\u00f3n en la Franja de Gaza como una de las crisis m\u00e1s extremas del planeta. Tras meses de violencia, bombardeos y destrucci\u00f3n masiva, <strong>todas las infraestructuras esenciales est\u00e1n pr\u00e1cticamente colapsadas<\/strong>. La poblaci\u00f3n, y especialmente la infancia, enfrenta niveles sin precedentes de hambre, vulnerabilidad y desprotecci\u00f3n.<\/p>\n\n\n\n<p>El informe se\u00f1ala que <strong>en septiembre de 2025 toda la Franja estaba en situaci\u00f3n de hambruna<\/strong>, seg\u00fan la Clasificaci\u00f3n Integrada de la Seguridad Alimentaria (IPC). En ese momento, <strong>100.000 <\/strong><strong>menores<\/strong><strong> de 6 a 59 meses y 37.000 mujeres embarazadas y lactantes<\/strong> necesitaban tratamiento inmediato para la desnutrici\u00f3n aguda (<em>wasting<\/em>).<\/p>\n\n\n\n<p>M\u00e1s de <strong>3,3 millones de personas<\/strong> requer\u00edan asistencia urgente. Aunque el reciente alto el fuego fue recibido como una \u201coportunidad hist\u00f3rica\u201d, UNICEF recalca que solo ser\u00e1 \u00fatil si permite <strong>un acceso humanitario sostenido<\/strong> y la restauraci\u00f3n de servicios que llevan meses destruidos: agua, saneamiento, electricidad, salud, educaci\u00f3n y protecci\u00f3n infantil.<\/p>\n\n\n\n<p>En el conjunto del Estado de Palestina, m\u00e1s all\u00e1 de Gaza, <strong>m\u00e1s de 800.000 personas<\/strong> necesitan apoyo en salud y agua y saneamiento, y <strong>m\u00e1s de 150.000 ni\u00f1os<\/strong> enfrentan barreras para acceder a la educaci\u00f3n. El mensaje central es claro: sin una inyecci\u00f3n inmediata de recursos y sin garant\u00edas de acceso, la supervivencia y desarrollo de la infancia gazat\u00ed seguir\u00e1n en riesgo extremo.<\/p>\n\n\n\n<h2 class=\"wp-block-heading\"><strong>Sud\u00e1n: la emergencia m\u00e1s grande y menos visible del mundo<\/strong><\/h2>\n\n\n\n<p>Sud\u00e1n se ha convertido \u2014seg\u00fan UNICEF\u2014 en el epicentro de una de las peores crisis humanitarias globales. <strong>33,7 millones de personas<\/strong>, de las cuales <strong>17,3 millones son ni\u00f1os<\/strong>, necesitan ayuda urgente. El conflicto, que se prolonga desde hace casi tres a\u00f1os, ha provocado <strong>9,5 millones de desplazados<\/strong>, el colapso de servicios esenciales y un avance acelerado de la hambruna.<\/p>\n\n\n\n<p>M\u00e1s de <strong>21 millones de personas<\/strong> enfrentan inseguridad alimentaria aguda. Regiones como <strong>Darfur y Kordof\u00e1n<\/strong> ya presentan condiciones de hambruna, lo que exige un acceso inmediato y sin restricciones para una respuesta multisectorial a gran escala. UNICEF habla de un \u201c<strong>policrisis<\/strong>\u201d: conflicto, desplazamiento, enfermedades, violencia y hambre entrelazados en un c\u00edrculo devastador.<\/p>\n\n\n\n<p>La violencia tambi\u00e9n se ha extendido a pa\u00edses vecinos. El informe recuerda que <strong>m\u00e1s de 35.000 personas<\/strong> huyeron entre enero y abril de 2025 hacia Chad, en su mayor\u00eda mujeres y ni\u00f1os, tras los combates en torno a El Fasher. En el campo de Oure Cassoni, UNICEF y autoridades locales han debido instalar dep\u00f3sitos de agua y distribuir kits de higiene para atender a familias completamente desprovistas de recursos, como la de A\u00efcha Souleymane, desplazada con siete hijos tras caminar durante d\u00edas sin comida ni agua.<\/p>\n\n\n\n<h2 class=\"wp-block-heading\"><strong>El Sahel: violencia creciente, desplazamientos y servicios en colapso<\/strong><\/h2>\n\n\n\n<p>El Sahel central \u2014Burkina Faso, Mali, N\u00edger\u2014 junto con \u00e1reas de Camer\u00fan, Nigeria, Chad y la Rep\u00fablica Centroafricana enfrenta una escalada de violencia armada y una profunda crisis alimentaria y educativa.<\/p>\n\n\n\n<p>UNICEF advierte que esta regi\u00f3n vive un deterioro acelerado de todos los indicadores de bienestar infantil por tres razones principales: la expansi\u00f3n de<strong> grupos armados<\/strong> y multiplicaci\u00f3n de ataques contra civiles; el colapso<strong> de servicios p\u00fablicos b\u00e1sicos<\/strong>, entre ellos las escuelas y los centros de salud, y la crisis <strong>clim\u00e1tica<\/strong>, que intensifica sequ\u00edas, inundaciones y p\u00e9rdidas agr\u00edcolas.<\/p>\n\n\n\n<p>En pa\u00edses como la Rep\u00fablica Democr\u00e1tica del Congo, parte del \u00e1rea m\u00e1s amplia del \u00c1frica central afectada por estas din\u00e1micas, la situaci\u00f3n es desgarradora: casi <strong>10.000 casos de violencia sexual en los primeros meses de 2025<\/strong>, y el <strong>40 % de las v\u00edctimas son <\/strong><strong>menores<\/strong>. M\u00e1s de <strong>1.200 escuelas<\/strong> han sido destruidas o convertidas en refugios, dejando <strong>1,6 millones de <\/strong><strong>ni\u00f1as y ni\u00f1os<\/strong><strong> fuera de la escuela<\/strong> y expuestos a explotaci\u00f3n y reclutamiento armado.<\/p>\n\n\n\n<p>Burkina Faso, Mali, N\u00edger y pa\u00edses vecinos forman parte adem\u00e1s de los <strong>llamados \u201cconflictos olvidados o cr\u00f3nicamente subfinanciados\u201d<\/strong>; pese a representar el 31 % de los ni\u00f1os que UNICEF intenta atender, solo reciben el 17 % de los fondos humanitarios totales.<\/p>\n\n\n\n<h2 class=\"wp-block-heading\"><strong>Am\u00e9rica Latina: violencia, desplazamiento y crisis institucional<\/strong><\/h2>\n\n\n\n<p>La regi\u00f3n latinoamericana no queda al margen del deterioro global. UNICEF dedica apartados espec\u00edficos a <strong>Hait\u00ed<\/strong>, <strong>Colombia<\/strong>, <strong>Venezuela<\/strong> y a la crisis regional de <strong>ni\u00f1ez en movilidad y violencia armada<\/strong>.<\/p>\n\n\n\n<p>La combinaci\u00f3n de violencia extrema, colapso institucional, cat\u00e1strofes clim\u00e1ticas y crisis sanitaria ha situado a Hait\u00ed al l\u00edmite de la supervivencia. Seg\u00fan el informe, el <strong>90 % de Puerto Pr\u00edncipe <\/strong><strong>(la capital)<\/strong><strong> est\u00e1 controlado por grupos armados<\/strong>. En 2024 se verificaron <strong>m\u00e1s de 300 casos de reclutamiento infantil<\/strong>, casi el doble que el a\u00f1o anterior. <strong>1,4 millones de personas est\u00e1n desplazadas<\/strong>, entre ellas <strong>741.000 ni\u00f1os <\/strong><strong>y casi seis<\/strong><strong> millones<\/strong> enfrentar\u00e1n inseguridad alimentaria aguda (IPC 3+) hasta mediados de 2026.<\/p>\n\n\n\n<p>Unicef alerta de que las rutas humanitarias han sido cortadas y que el colapso de los sistemas de salud, educaci\u00f3n y agua profundiza el riesgo para millones de ni\u00f1os.<\/p>\n\n\n\n<p>El informe regional para Am\u00e9rica Latina destaca que millones de ni\u00f1os migrantes, desplazados o afectados por violencia armada requieren protecci\u00f3n. La <strong>respuesta multipa\u00eds \u201cChildren on the Move\u201d<\/strong> tiene necesidades de m\u00e1s de <strong>106 millones de d\u00f3lares<\/strong>, mientras que Venezuela y Colombia suman m\u00e1s de <strong>164 millones adicionales<\/strong> en requerimientos.<\/p>\n\n\n\n<p>La violencia armada \u2014particularmente en zonas fronterizas, rurales y en rutas migratorias\u2014 contin\u00faa afectando a comunidades enteras, mientras que los sistemas de salud, nutrici\u00f3n y educaci\u00f3n enfrentan graves limitaciones de capacidad.<\/p>\n\n\n\n<h2 class=\"wp-block-heading\"><strong>U<\/strong><strong>na llamada urgente ante una d\u00e9cada decisiva<\/strong><\/h2>\n\n\n\n<p>El informe de UNICEF constituye una advertencia clara: <strong>la infancia est\u00e1 pagando el precio m\u00e1s alto de un mundo en crisis y profundamente desigual<\/strong>. Gaza, Sud\u00e1n, el Sahel y Am\u00e9rica Latina muestran que la violencia, el hambre y el desplazamiento masivo no son fen\u00f3menos aislados, sino parte de un sistema global cada vez m\u00e1s inestable y subfinanciado.<\/p>\n\n\n\n<p>Frente a ello, la organizaci\u00f3n apela al compromiso internacional para garantizar que cada ni\u00f1o \u2014sin importar d\u00f3nde viva o qu\u00e9 crisis le haya tocado atravesar\u2014 pueda ejercer su derecho fundamental a vivir, aprender y desarrollarse en paz.<\/p>\n","protected":false},"excerpt":{"rendered":"<p>La infancia ante un mundo en colapso: conflictos, hambre y servicios b\u00e1sicos al borde del derrumbe seg\u00fan UNICEF<\/p>\n","protected":false},"author":3,"featured_media":509,"comment_status":"open","ping_status":"open","sticky":false,"template":"","format":"standard","meta":{"footnotes":""},"categories":[22],"tags":[38,37,36],"tipo":[],"class_list":{"0":"post-507","1":"post","2":"type-post","3":"status-publish","4":"format-standard","5":"has-post-thumbnail","7":"category-una-ventana-al-mundo","8":"tag-ayuda-humanitaria","9":"tag-infancia","10":"tag-unicef"},"yoast_head":"<!-- This site is optimized with the Yoast SEO plugin v27.5 - https:\/\/yoast.com\/product\/yoast-seo-wordpress\/ -->\n<title>M\u00e1s de 200 millones de ni\u00f1os y ni\u00f1as necesitar\u00e1n ayuda urgente en 2026 - Una ventana al mundo<\/title>\n<meta name=\"robots\" content=\"index, follow, max-snippet:-1, max-image-preview:large, max-video-preview:-1\" \/>\n<link rel=\"canonical\" href=\"https:\/\/eldiariodelaeducacion.com\/una-ventana-al-mundo\/2025\/12\/12\/mas-de-200-millones-de-ninos-y-ninas-necesitaran-ayuda-urgente-en-2026\/\" \/>\n<meta property=\"og:locale\" content=\"es_ES\" \/>\n<meta property=\"og:type\" content=\"article\" \/>\n<meta property=\"og:title\" content=\"M\u00e1s de 200 millones de ni\u00f1os y ni\u00f1as necesitar\u00e1n ayuda urgente en 2026 - Una ventana al mundo\" \/>\n<meta property=\"og:description\" content=\"La infancia ante un mundo en colapso: conflictos, hambre y servicios b\u00e1sicos al borde del derrumbe seg\u00fan UNICEF\" \/>\n<meta property=\"og:url\" content=\"https:\/\/eldiariodelaeducacion.com\/una-ventana-al-mundo\/2025\/12\/12\/mas-de-200-millones-de-ninos-y-ninas-necesitaran-ayuda-urgente-en-2026\/\" \/>\n<meta property=\"og:site_name\" content=\"Una ventana al mundo\" \/>\n<meta property=\"article:published_time\" content=\"2025-12-12T03:03:00+00:00\" \/>\n<meta property=\"article:modified_time\" content=\"2026-01-20T15:00:10+00:00\" \/>\n<meta property=\"og:image\" content=\"https:\/\/eldiariodelaeducacion.com\/una-ventana-al-mundo\/wp-content\/uploads\/sites\/27\/2025\/12\/UNI529789.webp\" \/>\n\t<meta property=\"og:image:width\" content=\"1920\" \/>\n\t<meta property=\"og:image:height\" content=\"1280\" \/>\n\t<meta property=\"og:image:type\" content=\"image\/webp\" \/>\n<meta name=\"author\" content=\"Pablo Guti\u00e9rrez de \u00c1lamo\" \/>\n<meta name=\"twitter:card\" content=\"summary_large_image\" \/>\n<meta name=\"twitter:label1\" content=\"Escrito por\" \/>\n\t<meta name=\"twitter:data1\" content=\"Pablo Guti\u00e9rrez de \u00c1lamo\" \/>\n\t<meta name=\"twitter:label2\" content=\"Tiempo de lectura\" \/>\n\t<meta name=\"twitter:data2\" content=\"8 minutos\" \/>\n<script type=\"application\/ld+json\" class=\"yoast-schema-graph\">{\"@context\":\"https:\\\/\\\/schema.org\",\"@graph\":[{\"@type\":\"Article\",\"@id\":\"https:\\\/\\\/eldiariodelaeducacion.com\\\/una-ventana-al-mundo\\\/2025\\\/12\\\/12\\\/mas-de-200-millones-de-ninos-y-ninas-necesitaran-ayuda-urgente-en-2026\\\/#article\",\"isPartOf\":{\"@id\":\"https:\\\/\\\/eldiariodelaeducacion.com\\\/una-ventana-al-mundo\\\/2025\\\/12\\\/12\\\/mas-de-200-millones-de-ninos-y-ninas-necesitaran-ayuda-urgente-en-2026\\\/\"},\"author\":{\"name\":\"Pablo Guti\u00e9rrez de \u00c1lamo\",\"@id\":\"https:\\\/\\\/eldiariodelaeducacion.com\\\/una-ventana-al-mundo\\\/#\\\/schema\\\/person\\\/d51df312cce89adbe47c1d05106560bf\"},\"headline\":\"M\u00e1s de 200 millones de ni\u00f1os y ni\u00f1as necesitar\u00e1n ayuda urgente en 2026\",\"datePublished\":\"2025-12-12T03:03:00+00:00\",\"dateModified\":\"2026-01-20T15:00:10+00:00\",\"mainEntityOfPage\":{\"@id\":\"https:\\\/\\\/eldiariodelaeducacion.com\\\/una-ventana-al-mundo\\\/2025\\\/12\\\/12\\\/mas-de-200-millones-de-ninos-y-ninas-necesitaran-ayuda-urgente-en-2026\\\/\"},\"wordCount\":1747,\"commentCount\":0,\"image\":{\"@id\":\"https:\\\/\\\/eldiariodelaeducacion.com\\\/una-ventana-al-mundo\\\/2025\\\/12\\\/12\\\/mas-de-200-millones-de-ninos-y-ninas-necesitaran-ayuda-urgente-en-2026\\\/#primaryimage\"},\"thumbnailUrl\":\"https:\\\/\\\/eldiariodelaeducacion.com\\\/una-ventana-al-mundo\\\/wp-content\\\/uploads\\\/sites\\\/27\\\/2025\\\/12\\\/UNI529789.webp\",\"keywords\":[\"ayuda humanitaria\",\"infancia\",\"Unicef\"],\"articleSection\":[\"Una ventana al mundo\"],\"inLanguage\":\"es\",\"potentialAction\":[{\"@type\":\"CommentAction\",\"name\":\"Comment\",\"target\":[\"https:\\\/\\\/eldiariodelaeducacion.com\\\/una-ventana-al-mundo\\\/2025\\\/12\\\/12\\\/mas-de-200-millones-de-ninos-y-ninas-necesitaran-ayuda-urgente-en-2026\\\/#respond\"]}]},{\"@type\":\"WebPage\",\"@id\":\"https:\\\/\\\/eldiariodelaeducacion.com\\\/una-ventana-al-mundo\\\/2025\\\/12\\\/12\\\/mas-de-200-millones-de-ninos-y-ninas-necesitaran-ayuda-urgente-en-2026\\\/\",\"url\":\"https:\\\/\\\/eldiariodelaeducacion.com\\\/una-ventana-al-mundo\\\/2025\\\/12\\\/12\\\/mas-de-200-millones-de-ninos-y-ninas-necesitaran-ayuda-urgente-en-2026\\\/\",\"name\":\"M\u00e1s de 200 millones de ni\u00f1os y ni\u00f1as necesitar\u00e1n ayuda urgente en 2026 - Una ventana al mundo\",\"isPartOf\":{\"@id\":\"https:\\\/\\\/eldiariodelaeducacion.com\\\/una-ventana-al-mundo\\\/#website\"},\"primaryImageOfPage\":{\"@id\":\"https:\\\/\\\/eldiariodelaeducacion.com\\\/una-ventana-al-mundo\\\/2025\\\/12\\\/12\\\/mas-de-200-millones-de-ninos-y-ninas-necesitaran-ayuda-urgente-en-2026\\\/#primaryimage\"},\"image\":{\"@id\":\"https:\\\/\\\/eldiariodelaeducacion.com\\\/una-ventana-al-mundo\\\/2025\\\/12\\\/12\\\/mas-de-200-millones-de-ninos-y-ninas-necesitaran-ayuda-urgente-en-2026\\\/#primaryimage\"},\"thumbnailUrl\":\"https:\\\/\\\/eldiariodelaeducacion.com\\\/una-ventana-al-mundo\\\/wp-content\\\/uploads\\\/sites\\\/27\\\/2025\\\/12\\\/UNI529789.webp\",\"datePublished\":\"2025-12-12T03:03:00+00:00\",\"dateModified\":\"2026-01-20T15:00:10+00:00\",\"author\":{\"@id\":\"https:\\\/\\\/eldiariodelaeducacion.com\\\/una-ventana-al-mundo\\\/#\\\/schema\\\/person\\\/d51df312cce89adbe47c1d05106560bf\"},\"breadcrumb\":{\"@id\":\"https:\\\/\\\/eldiariodelaeducacion.com\\\/una-ventana-al-mundo\\\/2025\\\/12\\\/12\\\/mas-de-200-millones-de-ninos-y-ninas-necesitaran-ayuda-urgente-en-2026\\\/#breadcrumb\"},\"inLanguage\":\"es\",\"potentialAction\":[{\"@type\":\"ReadAction\",\"target\":[\"https:\\\/\\\/eldiariodelaeducacion.com\\\/una-ventana-al-mundo\\\/2025\\\/12\\\/12\\\/mas-de-200-millones-de-ninos-y-ninas-necesitaran-ayuda-urgente-en-2026\\\/\"]}]},{\"@type\":\"ImageObject\",\"inLanguage\":\"es\",\"@id\":\"https:\\\/\\\/eldiariodelaeducacion.com\\\/una-ventana-al-mundo\\\/2025\\\/12\\\/12\\\/mas-de-200-millones-de-ninos-y-ninas-necesitaran-ayuda-urgente-en-2026\\\/#primaryimage\",\"url\":\"https:\\\/\\\/eldiariodelaeducacion.com\\\/una-ventana-al-mundo\\\/wp-content\\\/uploads\\\/sites\\\/27\\\/2025\\\/12\\\/UNI529789.webp\",\"contentUrl\":\"https:\\\/\\\/eldiariodelaeducacion.com\\\/una-ventana-al-mundo\\\/wp-content\\\/uploads\\\/sites\\\/27\\\/2025\\\/12\\\/UNI529789.webp\",\"width\":1920,\"height\":1280,\"caption\":\"UNICEF\\\/UNI529789\\\/Ahmed Mohamdeen Elfatih\"},{\"@type\":\"BreadcrumbList\",\"@id\":\"https:\\\/\\\/eldiariodelaeducacion.com\\\/una-ventana-al-mundo\\\/2025\\\/12\\\/12\\\/mas-de-200-millones-de-ninos-y-ninas-necesitaran-ayuda-urgente-en-2026\\\/#breadcrumb\",\"itemListElement\":[{\"@type\":\"ListItem\",\"position\":1,\"name\":\"Portada\",\"item\":\"https:\\\/\\\/eldiariodelaeducacion.com\\\/una-ventana-al-mundo\\\/\"},{\"@type\":\"ListItem\",\"position\":2,\"name\":\"M\u00e1s de 200 millones de ni\u00f1os y ni\u00f1as necesitar\u00e1n ayuda urgente en 2026\"}]},{\"@type\":\"WebSite\",\"@id\":\"https:\\\/\\\/eldiariodelaeducacion.com\\\/una-ventana-al-mundo\\\/#website\",\"url\":\"https:\\\/\\\/eldiariodelaeducacion.com\\\/una-ventana-al-mundo\\\/\",\"name\":\"Una ventana al mundo\",\"description\":\"Un blog de El Diario de la Educaci\u00f3n\",\"potentialAction\":[{\"@type\":\"SearchAction\",\"target\":{\"@type\":\"EntryPoint\",\"urlTemplate\":\"https:\\\/\\\/eldiariodelaeducacion.com\\\/una-ventana-al-mundo\\\/?s={search_term_string}\"},\"query-input\":{\"@type\":\"PropertyValueSpecification\",\"valueRequired\":true,\"valueName\":\"search_term_string\"}}],\"inLanguage\":\"es\"},{\"@type\":\"Person\",\"@id\":\"https:\\\/\\\/eldiariodelaeducacion.com\\\/una-ventana-al-mundo\\\/#\\\/schema\\\/person\\\/d51df312cce89adbe47c1d05106560bf\",\"name\":\"Pablo Guti\u00e9rrez de \u00c1lamo\",\"image\":{\"@type\":\"ImageObject\",\"inLanguage\":\"es\",\"@id\":\"https:\\\/\\\/eldiariodelaeducacion.com\\\/wp-content\\\/uploads\\\/2024\\\/10\\\/pablo-gutierrez-de-Alamo_avatar_1-96x96.jpg\",\"url\":\"https:\\\/\\\/eldiariodelaeducacion.com\\\/wp-content\\\/uploads\\\/2024\\\/10\\\/pablo-gutierrez-de-Alamo_avatar_1-96x96.jpg\",\"contentUrl\":\"https:\\\/\\\/eldiariodelaeducacion.com\\\/wp-content\\\/uploads\\\/2024\\\/10\\\/pablo-gutierrez-de-Alamo_avatar_1-96x96.jpg\",\"caption\":\"Pablo Guti\u00e9rrez de \u00c1lamo\"},\"description\":\"Periodista especializado en educaci\u00f3n. Director de El Diario de la Educaci\u00f3n. Antes en Peri\u00f3dico Escuela\",\"url\":\"https:\\\/\\\/eldiariodelaeducacion.com\\\/una-ventana-al-mundo\\\/author\\\/pgutierrez\\\/\"}]}<\/script>\n<!-- \/ Yoast SEO plugin. -->","yoast_head_json":{"title":"M\u00e1s de 200 millones de ni\u00f1os y ni\u00f1as necesitar\u00e1n ayuda urgente en 2026 - Una ventana al mundo","robots":{"index":"index","follow":"follow","max-snippet":"max-snippet:-1","max-image-preview":"max-image-preview:large","max-video-preview":"max-video-preview:-1"},"canonical":"https:\/\/eldiariodelaeducacion.com\/una-ventana-al-mundo\/2025\/12\/12\/mas-de-200-millones-de-ninos-y-ninas-necesitaran-ayuda-urgente-en-2026\/","og_locale":"es_ES","og_type":"article","og_title":"M\u00e1s de 200 millones de ni\u00f1os y ni\u00f1as necesitar\u00e1n ayuda urgente en 2026 - Una ventana al mundo","og_description":"La infancia ante un mundo en colapso: conflictos, hambre y servicios b\u00e1sicos al borde del derrumbe seg\u00fan UNICEF","og_url":"https:\/\/eldiariodelaeducacion.com\/una-ventana-al-mundo\/2025\/12\/12\/mas-de-200-millones-de-ninos-y-ninas-necesitaran-ayuda-urgente-en-2026\/","og_site_name":"Una ventana al mundo","article_published_time":"2025-12-12T03:03:00+00:00","article_modified_time":"2026-01-20T15:00:10+00:00","og_image":[{"width":1920,"height":1280,"url":"https:\/\/eldiariodelaeducacion.com\/una-ventana-al-mundo\/wp-content\/uploads\/sites\/27\/2025\/12\/UNI529789.webp","type":"image\/webp"}],"author":"Pablo Guti\u00e9rrez de \u00c1lamo","twitter_card":"summary_large_image","twitter_misc":{"Escrito por":"Pablo Guti\u00e9rrez de \u00c1lamo","Tiempo de lectura":"8 minutos"},"schema":{"@context":"https:\/\/schema.org","@graph":[{"@type":"Article","@id":"https:\/\/eldiariodelaeducacion.com\/una-ventana-al-mundo\/2025\/12\/12\/mas-de-200-millones-de-ninos-y-ninas-necesitaran-ayuda-urgente-en-2026\/#article","isPartOf":{"@id":"https:\/\/eldiariodelaeducacion.com\/una-ventana-al-mundo\/2025\/12\/12\/mas-de-200-millones-de-ninos-y-ninas-necesitaran-ayuda-urgente-en-2026\/"},"author":{"name":"Pablo Guti\u00e9rrez de \u00c1lamo","@id":"https:\/\/eldiariodelaeducacion.com\/una-ventana-al-mundo\/#\/schema\/person\/d51df312cce89adbe47c1d05106560bf"},"headline":"M\u00e1s de 200 millones de ni\u00f1os y ni\u00f1as necesitar\u00e1n ayuda urgente en 2026","datePublished":"2025-12-12T03:03:00+00:00","dateModified":"2026-01-20T15:00:10+00:00","mainEntityOfPage":{"@id":"https:\/\/eldiariodelaeducacion.com\/una-ventana-al-mundo\/2025\/12\/12\/mas-de-200-millones-de-ninos-y-ninas-necesitaran-ayuda-urgente-en-2026\/"},"wordCount":1747,"commentCount":0,"image":{"@id":"https:\/\/eldiariodelaeducacion.com\/una-ventana-al-mundo\/2025\/12\/12\/mas-de-200-millones-de-ninos-y-ninas-necesitaran-ayuda-urgente-en-2026\/#primaryimage"},"thumbnailUrl":"https:\/\/eldiariodelaeducacion.com\/una-ventana-al-mundo\/wp-content\/uploads\/sites\/27\/2025\/12\/UNI529789.webp","keywords":["ayuda humanitaria","infancia","Unicef"],"articleSection":["Una ventana al mundo"],"inLanguage":"es","potentialAction":[{"@type":"CommentAction","name":"Comment","target":["https:\/\/eldiariodelaeducacion.com\/una-ventana-al-mundo\/2025\/12\/12\/mas-de-200-millones-de-ninos-y-ninas-necesitaran-ayuda-urgente-en-2026\/#respond"]}]},{"@type":"WebPage","@id":"https:\/\/eldiariodelaeducacion.com\/una-ventana-al-mundo\/2025\/12\/12\/mas-de-200-millones-de-ninos-y-ninas-necesitaran-ayuda-urgente-en-2026\/","url":"https:\/\/eldiariodelaeducacion.com\/una-ventana-al-mundo\/2025\/12\/12\/mas-de-200-millones-de-ninos-y-ninas-necesitaran-ayuda-urgente-en-2026\/","name":"M\u00e1s de 200 millones de ni\u00f1os y ni\u00f1as necesitar\u00e1n ayuda urgente en 2026 - Una ventana al mundo","isPartOf":{"@id":"https:\/\/eldiariodelaeducacion.com\/una-ventana-al-mundo\/#website"},"primaryImageOfPage":{"@id":"https:\/\/eldiariodelaeducacion.com\/una-ventana-al-mundo\/2025\/12\/12\/mas-de-200-millones-de-ninos-y-ninas-necesitaran-ayuda-urgente-en-2026\/#primaryimage"},"image":{"@id":"https:\/\/eldiariodelaeducacion.com\/una-ventana-al-mundo\/2025\/12\/12\/mas-de-200-millones-de-ninos-y-ninas-necesitaran-ayuda-urgente-en-2026\/#primaryimage"},"thumbnailUrl":"https:\/\/eldiariodelaeducacion.com\/una-ventana-al-mundo\/wp-content\/uploads\/sites\/27\/2025\/12\/UNI529789.webp","datePublished":"2025-12-12T03:03:00+00:00","dateModified":"2026-01-20T15:00:10+00:00","author":{"@id":"https:\/\/eldiariodelaeducacion.com\/una-ventana-al-mundo\/#\/schema\/person\/d51df312cce89adbe47c1d05106560bf"},"breadcrumb":{"@id":"https:\/\/eldiariodelaeducacion.com\/una-ventana-al-mundo\/2025\/12\/12\/mas-de-200-millones-de-ninos-y-ninas-necesitaran-ayuda-urgente-en-2026\/#breadcrumb"},"inLanguage":"es","potentialAction":[{"@type":"ReadAction","target":["https:\/\/eldiariodelaeducacion.com\/una-ventana-al-mundo\/2025\/12\/12\/mas-de-200-millones-de-ninos-y-ninas-necesitaran-ayuda-urgente-en-2026\/"]}]},{"@type":"ImageObject","inLanguage":"es","@id":"https:\/\/eldiariodelaeducacion.com\/una-ventana-al-mundo\/2025\/12\/12\/mas-de-200-millones-de-ninos-y-ninas-necesitaran-ayuda-urgente-en-2026\/#primaryimage","url":"https:\/\/eldiariodelaeducacion.com\/una-ventana-al-mundo\/wp-content\/uploads\/sites\/27\/2025\/12\/UNI529789.webp","contentUrl":"https:\/\/eldiariodelaeducacion.com\/una-ventana-al-mundo\/wp-content\/uploads\/sites\/27\/2025\/12\/UNI529789.webp","width":1920,"height":1280,"caption":"UNICEF\/UNI529789\/Ahmed Mohamdeen Elfatih"},{"@type":"BreadcrumbList","@id":"https:\/\/eldiariodelaeducacion.com\/una-ventana-al-mundo\/2025\/12\/12\/mas-de-200-millones-de-ninos-y-ninas-necesitaran-ayuda-urgente-en-2026\/#breadcrumb","itemListElement":[{"@type":"ListItem","position":1,"name":"Portada","item":"https:\/\/eldiariodelaeducacion.com\/una-ventana-al-mundo\/"},{"@type":"ListItem","position":2,"name":"M\u00e1s de 200 millones de ni\u00f1os y ni\u00f1as necesitar\u00e1n ayuda urgente en 2026"}]},{"@type":"WebSite","@id":"https:\/\/eldiariodelaeducacion.com\/una-ventana-al-mundo\/#website","url":"https:\/\/eldiariodelaeducacion.com\/una-ventana-al-mundo\/","name":"Una ventana al mundo","description":"Un blog de El Diario de la Educaci\u00f3n","potentialAction":[{"@type":"SearchAction","target":{"@type":"EntryPoint","urlTemplate":"https:\/\/eldiariodelaeducacion.com\/una-ventana-al-mundo\/?s={search_term_string}"},"query-input":{"@type":"PropertyValueSpecification","valueRequired":true,"valueName":"search_term_string"}}],"inLanguage":"es"},{"@type":"Person","@id":"https:\/\/eldiariodelaeducacion.com\/una-ventana-al-mundo\/#\/schema\/person\/d51df312cce89adbe47c1d05106560bf","name":"Pablo Guti\u00e9rrez de \u00c1lamo","image":{"@type":"ImageObject","inLanguage":"es","@id":"https:\/\/eldiariodelaeducacion.com\/wp-content\/uploads\/2024\/10\/pablo-gutierrez-de-Alamo_avatar_1-96x96.jpg","url":"https:\/\/eldiariodelaeducacion.com\/wp-content\/uploads\/2024\/10\/pablo-gutierrez-de-Alamo_avatar_1-96x96.jpg","contentUrl":"https:\/\/eldiariodelaeducacion.com\/wp-content\/uploads\/2024\/10\/pablo-gutierrez-de-Alamo_avatar_1-96x96.jpg","caption":"Pablo Guti\u00e9rrez de \u00c1lamo"},"description":"Periodista especializado en educaci\u00f3n. Director de El Diario de la Educaci\u00f3n. Antes en Peri\u00f3dico Escuela","url":"https:\/\/eldiariodelaeducacion.com\/una-ventana-al-mundo\/author\/pgutierrez\/"}]}},"_links":{"self":[{"href":"https:\/\/eldiariodelaeducacion.com\/una-ventana-al-mundo\/wp-json\/wp\/v2\/posts\/507","targetHints":{"allow":["GET"]}}],"collection":[{"href":"https:\/\/eldiariodelaeducacion.com\/una-ventana-al-mundo\/wp-json\/wp\/v2\/posts"}],"about":[{"href":"https:\/\/eldiariodelaeducacion.com\/una-ventana-al-mundo\/wp-json\/wp\/v2\/types\/post"}],"author":[{"embeddable":true,"href":"https:\/\/eldiariodelaeducacion.com\/una-ventana-al-mundo\/wp-json\/wp\/v2\/users\/3"}],"replies":[{"embeddable":true,"href":"https:\/\/eldiariodelaeducacion.com\/una-ventana-al-mundo\/wp-json\/wp\/v2\/comments?post=507"}],"version-history":[{"count":1,"href":"https:\/\/eldiariodelaeducacion.com\/una-ventana-al-mundo\/wp-json\/wp\/v2\/posts\/507\/revisions"}],"predecessor-version":[{"id":510,"href":"https:\/\/eldiariodelaeducacion.com\/una-ventana-al-mundo\/wp-json\/wp\/v2\/posts\/507\/revisions\/510"}],"wp:featuredmedia":[{"embeddable":true,"href":"https:\/\/eldiariodelaeducacion.com\/una-ventana-al-mundo\/wp-json\/wp\/v2\/media\/509"}],"wp:attachment":[{"href":"https:\/\/eldiariodelaeducacion.com\/una-ventana-al-mundo\/wp-json\/wp\/v2\/media?parent=507"}],"wp:term":[{"taxonomy":"category","embeddable":true,"href":"https:\/\/eldiariodelaeducacion.com\/una-ventana-al-mundo\/wp-json\/wp\/v2\/categories?post=507"},{"taxonomy":"post_tag","embeddable":true,"href":"https:\/\/eldiariodelaeducacion.com\/una-ventana-al-mundo\/wp-json\/wp\/v2\/tags?post=507"},{"taxonomy":"tipo","embeddable":true,"href":"https:\/\/eldiariodelaeducacion.com\/una-ventana-al-mundo\/wp-json\/wp\/v2\/tipo?post=507"}],"curies":[{"name":"wp","href":"https:\/\/api.w.org\/{rel}","templated":true}]}}